{"id":8893,"date":"2018-04-25T15:03:42","date_gmt":"2018-04-25T18:03:42","guid":{"rendered":"https:\/\/blogs.correiobraziliense.com.br\/servidor\/?p=8893"},"modified":"2018-04-25T15:03:42","modified_gmt":"2018-04-25T18:03:42","slug":"geap-justifica-reajustes","status":"publish","type":"post","link":"https:\/\/blogs.correiobraziliense.com.br\/servidor\/geap-justifica-reajustes\/","title":{"rendered":"Geap justifica reajustes"},"content":{"rendered":"<p><em>Na pr\u00e1tica, quem n\u00e3o entrou com liminares est\u00e1 pagando por quem entrou, de acordo com o presidente do Conselho de Administra\u00e7\u00e3o da Geap, Marcus Vin\u00edcius Severo de Souza Pereira<\/em><\/p>\n<p><em>ALESSANDRA AZEVEDO<\/em><\/p>\n<p>O \u00faltimo reajuste anual dos planos de sa\u00fade da Geap, de 19,94%, poderia ter sido de 1,37%, caso n\u00e3o houvesse liminares judiciais impedindo aumentos nas mensalidades de 134 mil clientes da operadora. Devido a 70 a\u00e7\u00f5es coletivas de iniciativa de sindicatos e associa\u00e7\u00f5es, a empresa deixou de receber R$ 432 milh\u00f5es em 2017. O preju\u00edzo deve chegar a R$ 493 milh\u00f5es este ano, estima o presidente do Conselho de Administra\u00e7\u00e3o da Geap, Marcus Vin\u00edcius Severo de Souza Pereira, que participou ontem de audi\u00eancia p\u00fablica na Comiss\u00e3o de Transpar\u00eancia, Governan\u00e7a, Fiscaliza\u00e7\u00e3o e Controle e Defesa do Consumidor (CTFC) do Senado Federal.<\/p>\n<p>Na pr\u00e1tica, quem n\u00e3o entrou com liminares est\u00e1 pagando por quem entrou, de acordo com o presidente do Conselho. \u201cPor exemplo, temos, hoje, benefici\u00e1rios que pagam R$ 200 em fun\u00e7\u00e3o da liminar. Em contrapartida, os que n\u00e3o entraram est\u00e3o pagando acima de R$ 1 mil. \u00c9 uma situa\u00e7\u00e3o que precisa ser pensada e reavaliada\u201d, alertou. Al\u00e9m disso, a Geap tem perdido, em m\u00e9dia, 5 mil clientes por m\u00eas devido a uma A\u00e7\u00e3o Direta de Inconstitucionalidade (ADI) protocolada no Supremo Tribunal Federal (STF), que concedeu uma liminar impedindo que a operadora celebre novos conv\u00eanios. A decis\u00e3o tamb\u00e9m gera perda de receitas e contribui para o aumento nas mensalidades. Segundo Marcus Vin\u00edcius, a diferen\u00e7a no reajuste \u00e9 de 3% a cada 5 mil pessoas que s\u00e3o impedidas de contratar o plano.<\/p>\n<p>Outro fator que influencia os reajustes \u00e9 o aumento da inadimpl\u00eancia, impulsionado pela revoga\u00e7\u00e3o, em 2016, de um decreto que priorizava os descontos em folha para o pagamento do plano de sa\u00fade, apontou o presidente do conselho. Desde ent\u00e3o, o desconto passou a ser facultativo, de forma que os benefici\u00e1rios come\u00e7aram a dar prefer\u00eancia para o quitar empr\u00e9stimos banc\u00e1rios, por exemplo. Se n\u00e3o houvesse os efeitos da inadimpl\u00eancia, o reajuste poderia ter sido de 10,19%, calcula a empresa.<\/p>\n","protected":false},"excerpt":{"rendered":"<p>Na pr\u00e1tica, quem n\u00e3o entrou com liminares est\u00e1 pagando por quem entrou, de acordo com o presidente do Conselho de Administra\u00e7\u00e3o da Geap, Marcus Vin\u00edcius Severo de Souza Pereira ALESSANDRA AZEVEDO O \u00faltimo reajuste anual dos planos de sa\u00fade da Geap, de 19,94%, poderia ter sido de 1,37%, caso n\u00e3o houvesse liminares judiciais impedindo aumentos nas mensalidades de 134 mil [&hellip;]<\/p>\n","protected":false},"author":27,"featured_media":0,"comment_status":"open","ping_status":"closed","sticky":false,"template":"","format":"standard","meta":{"footnotes":""},"categories":[2719],"tags":[192,980,1565,76,2086,12212,2409,1057,953,147,690,326,616],"class_list":["post-8893","post","type-post","status-publish","format-standard","hentry","category-servidor","tag-audiencia","tag-beneficiarios","tag-conselho-de-administracao","tag-geap","tag-judiciais","tag-justifica","tag-liminares","tag-mensalidades","tag-planos","tag-publica","tag-reajustes","tag-receitas","tag-saude"],"_links":{"self":[{"href":"https:\/\/blogs.correiobraziliense.com.br\/servidor\/wp-json\/wp\/v2\/posts\/8893","targetHints":{"allow":["GET"]}}],"collection":[{"href":"https:\/\/blogs.correiobraziliense.com.br\/servidor\/wp-json\/wp\/v2\/posts"}],"about":[{"href":"https:\/\/blogs.correiobraziliense.com.br\/servidor\/wp-json\/wp\/v2\/types\/post"}],"author":[{"embeddable":true,"href":"https:\/\/blogs.correiobraziliense.com.br\/servidor\/wp-json\/wp\/v2\/users\/27"}],"replies":[{"embeddable":true,"href":"https:\/\/blogs.correiobraziliense.com.br\/servidor\/wp-json\/wp\/v2\/comments?post=8893"}],"version-history":[{"count":1,"href":"https:\/\/blogs.correiobraziliense.com.br\/servidor\/wp-json\/wp\/v2\/posts\/8893\/revisions"}],"predecessor-version":[{"id":8894,"href":"https:\/\/blogs.correiobraziliense.com.br\/servidor\/wp-json\/wp\/v2\/posts\/8893\/revisions\/8894"}],"wp:attachment":[{"href":"https:\/\/blogs.correiobraziliense.com.br\/servidor\/wp-json\/wp\/v2\/media?parent=8893"}],"wp:term":[{"taxonomy":"category","embeddable":true,"href":"https:\/\/blogs.correiobraziliense.com.br\/servidor\/wp-json\/wp\/v2\/categories?post=8893"},{"taxonomy":"post_tag","embeddable":true,"href":"https:\/\/blogs.correiobraziliense.com.br\/servidor\/wp-json\/wp\/v2\/tags?post=8893"}],"curies":[{"name":"wp","href":"https:\/\/api.w.org\/{rel}","templated":true}]}}