{"id":8891,"date":"2018-04-25T14:59:41","date_gmt":"2018-04-25T17:59:41","guid":{"rendered":"https:\/\/blogs.correiobraziliense.com.br\/servidor\/?p=8891"},"modified":"2018-04-25T14:59:41","modified_gmt":"2018-04-25T17:59:41","slug":"inss-servidores-temem-ser-agredidos-por-segurados","status":"publish","type":"post","link":"https:\/\/blogs.correiobraziliense.com.br\/servidor\/inss-servidores-temem-ser-agredidos-por-segurados\/","title":{"rendered":"INSS &#8211; Servidores temem ser agredidos por segurados"},"content":{"rendered":"<p><em>Falta de m\u00e3o de obra, rede prec\u00e1ria de internet dificultam atendimento no INSS e deixam benefici\u00e1rios insatisfeitos. Funcion\u00e1rios do \u00f3rg\u00e3o invadiram ontem sede do instituto para tentar solu\u00e7\u00e3o.\u00a0Ficaram no local at\u00e9 serem atendidos pelo presidente o INSS: eles tamb\u00e9m lutam por reajuste<\/em><\/p>\n<p><strong>VERA BATISTA<\/strong><\/p>\n<p>Mais de 200 servidores do Instituto Nacional do Seguro Social (INSS) ocuparam ontem a sede do \u00f3rg\u00e3o em Bras\u00edlia at\u00e9 que, \u00e0s 18h foram recebidos pelo presidente o INSS, Francisco Lopes. Os funcion\u00e1rios temem que, como j\u00e1 ocorreu em alguns estados, os segurados agridam os trabalhadores que n\u00e3o conseguirem ser atendidos com rapidez e efici\u00eancia.<\/p>\n<p>\u201cO sistema do INSS, \u00e0s vezes, agenda duas consultas para a mesma hora, sem gente para atender. Quando benef\u00edcio \u00e9 negado, o contribuinte, a maioria de origem humilde, n\u00e3o consegue entender o motivo. A ag\u00eancia se transforma em um caos\u201d, ressaltou Rita de C\u00e1ssia Assis Bueno, representante da Federa\u00e7\u00e3o Nacional dos Sindicatos dos Trabalhadores em Sa\u00fade, Trabalho e Previd\u00eancia Social (Fenasps) em S\u00e3o Paulo.<\/p>\n<p>Segundo Moacir Lopes, tamb\u00e9m da Fenasps, falta m\u00e3o de obra e o processo de digitaliza\u00e7\u00e3o n\u00e3o funciona. \u201cA rede de internet cai todo o tempo. N\u00e3o h\u00e1 recurso tecnol\u00f3gico suficiente para garantir a conex\u00e3o, o que irrita as pessoas que v\u00e3o \u00e0s ag\u00eancias ou que tentam fazer agendamento. A dire\u00e7\u00e3o o INSS informou que o \u00f3rg\u00e3o, em conv\u00eanio com a Empresa de Tecnologia e Informa\u00e7\u00f5es da Previd\u00eancia Social (Dataprev), faria um conv\u00eanio com a BrasilSat, para melhorar o espa\u00e7o e a velocidade. Mas nada aconteceu\u201d, afirmou.<\/p>\n<p>A manifesta\u00e7\u00e3o fez parte da agenda do Dia Nacional de Luta contra o desmonte e a precariza\u00e7\u00e3o do INSS. Os servidores querem tamb\u00e9m paridade no pagamento dos planos de Sa\u00fade da Geap e da Capesaude e o cumprimento de pontos do acordo salarial de 2015, como jornada de trabalho, que n\u00e3o foram totalmente resolvidos pelo governo.<\/p>\n<p>As reclama\u00e7\u00f5es dos manifestantes n\u00e3o s\u00e3o novas. Pioraram, disse o representante da Fenasps, com a execu\u00e7\u00e3o, \u00e0s pressas, de novas tecnologias \u2014 INSS Digital, Meu INSS, Teletrabalho, acordos de coopera\u00e7\u00e3o t\u00e9cnica, automatiza\u00e7\u00e3o de benef\u00edcios, entre outros \u2014 e da corrida \u00e0 aposentadoria provocada pela amea\u00e7a de reforma da Previd\u00eancia. O quadro se agravar\u00e1 entre 2019 e 2020 devido a aposentadoria de 16 mil dos 35 mil funcion\u00e1rios do instituto.<\/p>\n<p>Os servidores reclamam tamb\u00e9m que, do \u00faltimo concurso, somente 450 dos 900 aprovados foram convocados. \u201cO INSS corre o risco de fechar as portas. A lei do teto dos gastos, agora, \u00e9 o argumento para impedir a reposi\u00e7\u00e3o de pessoal. E para solucionar a lacuna, a promessa \u00e9 contratar cerca de 400 estagi\u00e1rios do Sistema S para o trabalho de servidores experientes, que dedicaram toda a vida ao INSS\u201d, lamentou Moacir Lopes.<\/p>\n<p>Para o representante dos servidores, a reuni\u00e3o com o presidente do INSS foi positiva, j\u00e1 que ele marcou uma conversa, pela manh\u00e3 com a equipe de gest\u00e3o do instituto e, \u00e0s 14 horas, com membros da Comiss\u00e3o Parlamentar de Defesa do Servidor. \u201cA ideia \u00e9 que venham participar das negocia\u00e7\u00f5es os minist\u00e9rios do Planejamento e do Desenvolvimento Social (MDS)\u201d, contou. Francisco Lopes prometeu que a capacidade da internet vai melhorar. Todo o sistema da Previd\u00eancia vai migrar. \u201cSer\u00e3o contratadas pessoas especiais (surdos e mudos) para digitalizar os dados no novo sistema\u201d, contou.<\/p>\n","protected":false},"excerpt":{"rendered":"<p>Falta de m\u00e3o de obra, rede prec\u00e1ria de internet dificultam atendimento no INSS e deixam benefici\u00e1rios insatisfeitos. Funcion\u00e1rios do \u00f3rg\u00e3o invadiram ontem sede do instituto para tentar solu\u00e7\u00e3o.\u00a0Ficaram no local at\u00e9 serem atendidos pelo presidente o INSS: eles tamb\u00e9m lutam por reajuste VERA BATISTA Mais de 200 servidores do Instituto Nacional do Seguro Social (INSS) ocuparam ontem a sede do [&hellip;]<\/p>\n","protected":false},"author":27,"featured_media":0,"comment_status":"open","ping_status":"closed","sticky":false,"template":"","format":"standard","meta":{"footnotes":""},"categories":[2719],"tags":[2565,7626,75,10927,980,852,12211,11684,1178,8105,87,1341,594,11,2882,5588,8703,81,63,1781,18,522,58,1429,369,1584],"class_list":["post-8891","post","type-post","status-publish","format-standard","hentry","category-servidor","tag-agredidos","tag-atendidos","tag-aumento","tag-automatizacao","tag-beneficiarios","tag-beneficios","tag-brasilsat","tag-consultas","tag-cooperacao","tag-dataprev","tag-digital","tag-funcionarios","tag-insatisfeitos","tag-inss","tag-internet","tag-mao-de-obra","tag-precaria","tag-presidente","tag-reajuste","tag-rede","tag-salarial","tag-segurados","tag-servidores","tag-solucao","tag-tecnica","tag-teletrabalho"],"_links":{"self":[{"href":"https:\/\/blogs.correiobraziliense.com.br\/servidor\/wp-json\/wp\/v2\/posts\/8891","targetHints":{"allow":["GET"]}}],"collection":[{"href":"https:\/\/blogs.correiobraziliense.com.br\/servidor\/wp-json\/wp\/v2\/posts"}],"about":[{"href":"https:\/\/blogs.correiobraziliense.com.br\/servidor\/wp-json\/wp\/v2\/types\/post"}],"author":[{"embeddable":true,"href":"https:\/\/blogs.correiobraziliense.com.br\/servidor\/wp-json\/wp\/v2\/users\/27"}],"replies":[{"embeddable":true,"href":"https:\/\/blogs.correiobraziliense.com.br\/servidor\/wp-json\/wp\/v2\/comments?post=8891"}],"version-history":[{"count":1,"href":"https:\/\/blogs.correiobraziliense.com.br\/servidor\/wp-json\/wp\/v2\/posts\/8891\/revisions"}],"predecessor-version":[{"id":8892,"href":"https:\/\/blogs.correiobraziliense.com.br\/servidor\/wp-json\/wp\/v2\/posts\/8891\/revisions\/8892"}],"wp:attachment":[{"href":"https:\/\/blogs.correiobraziliense.com.br\/servidor\/wp-json\/wp\/v2\/media?parent=8891"}],"wp:term":[{"taxonomy":"category","embeddable":true,"href":"https:\/\/blogs.correiobraziliense.com.br\/servidor\/wp-json\/wp\/v2\/categories?post=8891"},{"taxonomy":"post_tag","embeddable":true,"href":"https:\/\/blogs.correiobraziliense.com.br\/servidor\/wp-json\/wp\/v2\/tags?post=8891"}],"curies":[{"name":"wp","href":"https:\/\/api.w.org\/{rel}","templated":true}]}}