{"id":8882,"date":"2018-04-25T11:10:10","date_gmt":"2018-04-25T14:10:10","guid":{"rendered":"https:\/\/blogs.correiobraziliense.com.br\/servidor\/?p=8882"},"modified":"2018-04-25T11:10:10","modified_gmt":"2018-04-25T14:10:10","slug":"simepe-nota-de-repudio-as-declaracoes-do-diretor-da-geap","status":"publish","type":"post","link":"https:\/\/blogs.correiobraziliense.com.br\/servidor\/simepe-nota-de-repudio-as-declaracoes-do-diretor-da-geap\/","title":{"rendered":"Simepe &#8211; Nota de rep\u00fadio \u00e0s declara\u00e7\u00f5es do diretor da Geap"},"content":{"rendered":"<p><em>Por meio de nota, o Simepe repudia as declara\u00e7\u00f5es de Roberto S\u00e9rgio Fontenele C\u00e2ndido sobre roubos por parte de m\u00e9dicos<\/em><\/p>\n<p>Veja a nota, na \u00edntegra:<\/p>\n<p><img loading=\"lazy\" decoding=\"async\" class=\"alignright size-full wp-image-8883\" src=\"https:\/\/blogs.correiobraziliense.com.br\/servidor\/wp-content\/uploads\/sites\/10\/2018\/04\/WhatsApp-Image-2018-04-24-at-21.25.10.jpeg\" alt=\"\" width=\"1024\" height=\"1024\" srcset=\"https:\/\/blogs.correiobraziliense.com.br\/servidor\/wp-content\/uploads\/sites\/10\/2018\/04\/WhatsApp-Image-2018-04-24-at-21.25.10.jpeg 1024w, https:\/\/blogs.correiobraziliense.com.br\/servidor\/wp-content\/uploads\/sites\/10\/2018\/04\/WhatsApp-Image-2018-04-24-at-21.25.10-150x150.jpeg 150w, https:\/\/blogs.correiobraziliense.com.br\/servidor\/wp-content\/uploads\/sites\/10\/2018\/04\/WhatsApp-Image-2018-04-24-at-21.25.10-300x300.jpeg 300w, https:\/\/blogs.correiobraziliense.com.br\/servidor\/wp-content\/uploads\/sites\/10\/2018\/04\/WhatsApp-Image-2018-04-24-at-21.25.10-768x768.jpeg 768w, https:\/\/blogs.correiobraziliense.com.br\/servidor\/wp-content\/uploads\/sites\/10\/2018\/04\/WhatsApp-Image-2018-04-24-at-21.25.10-350x350.jpeg 350w, https:\/\/blogs.correiobraziliense.com.br\/servidor\/wp-content\/uploads\/sites\/10\/2018\/04\/WhatsApp-Image-2018-04-24-at-21.25.10-550x550.jpeg 550w, https:\/\/blogs.correiobraziliense.com.br\/servidor\/wp-content\/uploads\/sites\/10\/2018\/04\/WhatsApp-Image-2018-04-24-at-21.25.10-230x230.jpeg 230w\" sizes=\"auto, (max-width: 1024px) 100vw, 1024px\" \/><\/p>\n","protected":false},"excerpt":{"rendered":"<p>Por meio de nota, o Simepe repudia as declara\u00e7\u00f5es de Roberto S\u00e9rgio Fontenele C\u00e2ndido sobre roubos por parte de m\u00e9dicos Veja a nota, na \u00edntegra:<\/p>\n","protected":false},"author":27,"featured_media":0,"comment_status":"open","ping_status":"closed","sticky":false,"template":"","format":"standard","meta":{"footnotes":""},"categories":[2719],"tags":[1218,2636,76,315,3841,174,37,1217,12199,12198],"class_list":["post-8882","post","type-post","status-publish","format-standard","hentry","category-servidor","tag-declaracoes","tag-diretor","tag-geap","tag-gestao","tag-hospitais","tag-medicos","tag-nota","tag-repudio","tag-roubos","tag-simepe"],"_links":{"self":[{"href":"https:\/\/blogs.correiobraziliense.com.br\/servidor\/wp-json\/wp\/v2\/posts\/8882","targetHints":{"allow":["GET"]}}],"collection":[{"href":"https:\/\/blogs.correiobraziliense.com.br\/servidor\/wp-json\/wp\/v2\/posts"}],"about":[{"href":"https:\/\/blogs.correiobraziliense.com.br\/servidor\/wp-json\/wp\/v2\/types\/post"}],"author":[{"embeddable":true,"href":"https:\/\/blogs.correiobraziliense.com.br\/servidor\/wp-json\/wp\/v2\/users\/27"}],"replies":[{"embeddable":true,"href":"https:\/\/blogs.correiobraziliense.com.br\/servidor\/wp-json\/wp\/v2\/comments?post=8882"}],"version-history":[{"count":1,"href":"https:\/\/blogs.correiobraziliense.com.br\/servidor\/wp-json\/wp\/v2\/posts\/8882\/revisions"}],"predecessor-version":[{"id":8884,"href":"https:\/\/blogs.correiobraziliense.com.br\/servidor\/wp-json\/wp\/v2\/posts\/8882\/revisions\/8884"}],"wp:attachment":[{"href":"https:\/\/blogs.correiobraziliense.com.br\/servidor\/wp-json\/wp\/v2\/media?parent=8882"}],"wp:term":[{"taxonomy":"category","embeddable":true,"href":"https:\/\/blogs.correiobraziliense.com.br\/servidor\/wp-json\/wp\/v2\/categories?post=8882"},{"taxonomy":"post_tag","embeddable":true,"href":"https:\/\/blogs.correiobraziliense.com.br\/servidor\/wp-json\/wp\/v2\/tags?post=8882"}],"curies":[{"name":"wp","href":"https:\/\/api.w.org\/{rel}","templated":true}]}}