{"id":8878,"date":"2018-04-24T21:12:22","date_gmt":"2018-04-25T00:12:22","guid":{"rendered":"https:\/\/blogs.correiobraziliense.com.br\/servidor\/?p=8878"},"modified":"2018-04-24T21:12:22","modified_gmt":"2018-04-25T00:12:22","slug":"fbh-nota-de-repudio-as-declaracoes-de-roberto-sergio-fontenele-candido-presidente-da-geap","status":"publish","type":"post","link":"https:\/\/blogs.correiobraziliense.com.br\/servidor\/fbh-nota-de-repudio-as-declaracoes-de-roberto-sergio-fontenele-candido-presidente-da-geap\/","title":{"rendered":"FBH &#8211; Nota de rep\u00fadio \u00e0s declara\u00e7\u00f5es de Roberto S\u00e9rgio Fontenele Candido, presidente da Geap"},"content":{"rendered":"<p><em>\u00a0Em uma grava\u00e7\u00e3o, durante uma conversa com seus funcion\u00e1rios, Fontenele faz v\u00e1rias observa\u00e7\u00f5es ir\u00f4nicas. Fala sobre &#8220;roubo dos m\u00e9dicos&#8221;\u00a0 e ofende o conselho da operadora, dizendo que ele &#8220;discute o sexo dos anjos&#8221;<\/em><\/p>\n<p>Veja a nota da Federa\u00e7\u00e3o Brasileira de Hospitais (FBH):<\/p>\n<p>&#8220;A Federa\u00e7\u00e3o Brasileira de Hospitais (FBH),\u00a0 entidade de classe que representa em todo o pa\u00eds a rede hospitalar privada, tendo tomado conhecimento das lament\u00e1veis e irrespons\u00e1veis manifesta\u00e7\u00f5es, tachando de ladr\u00f5es os aludidos estabelecimentos de servi\u00e7os de sa\u00fade, proferidas pelo rec\u00e9m-empossado \u00e0 presid\u00eancia da Geap, o senhor Roberto S\u00e9rgio Fontenele Candido, publicadas no Jornal Correio Braziliense em 21 de abril, vem repudiar tais palavras orientandoa assessoria jur\u00eddica da FBH a tomar todas as provid\u00eancias legais cab\u00edveis diante do cometimento dos referidos atos, penalmente caracterizados como crimes contra a honra e<br \/>\nboa fama dos citados hospitais.<\/p>\n<p>Federa\u00e7\u00e3o Brasileira de Hospitais&#8221;<\/p>\n","protected":false},"excerpt":{"rendered":"<p>\u00a0Em uma grava\u00e7\u00e3o, durante uma conversa com seus funcion\u00e1rios, Fontenele faz v\u00e1rias observa\u00e7\u00f5es ir\u00f4nicas. Fala sobre &#8220;roubo dos m\u00e9dicos&#8221;\u00a0 e ofende o conselho da operadora, dizendo que ele &#8220;discute o sexo dos anjos&#8221; Veja a nota da Federa\u00e7\u00e3o Brasileira de Hospitais (FBH): &#8220;A Federa\u00e7\u00e3o Brasileira de Hospitais (FBH),\u00a0 entidade de classe que representa em todo o pa\u00eds a rede hospitalar [&hellip;]<\/p>\n","protected":false},"author":27,"featured_media":0,"comment_status":"open","ping_status":"closed","sticky":false,"template":"","format":"standard","meta":{"footnotes":""},"categories":[2719],"tags":[1403,1218,5153,12195,1341,76,1323,1217,12196,616,1379],"class_list":["post-8878","post","type-post","status-publish","format-standard","hentry","category-servidor","tag-conversa","tag-declaracoes","tag-estabelecimentos","tag-fbh","tag-funcionarios","tag-geap","tag-gravacao","tag-repudio","tag-roberto-fontenele","tag-saude","tag-servicos"],"_links":{"self":[{"href":"https:\/\/blogs.correiobraziliense.com.br\/servidor\/wp-json\/wp\/v2\/posts\/8878","targetHints":{"allow":["GET"]}}],"collection":[{"href":"https:\/\/blogs.correiobraziliense.com.br\/servidor\/wp-json\/wp\/v2\/posts"}],"about":[{"href":"https:\/\/blogs.correiobraziliense.com.br\/servidor\/wp-json\/wp\/v2\/types\/post"}],"author":[{"embeddable":true,"href":"https:\/\/blogs.correiobraziliense.com.br\/servidor\/wp-json\/wp\/v2\/users\/27"}],"replies":[{"embeddable":true,"href":"https:\/\/blogs.correiobraziliense.com.br\/servidor\/wp-json\/wp\/v2\/comments?post=8878"}],"version-history":[{"count":1,"href":"https:\/\/blogs.correiobraziliense.com.br\/servidor\/wp-json\/wp\/v2\/posts\/8878\/revisions"}],"predecessor-version":[{"id":8879,"href":"https:\/\/blogs.correiobraziliense.com.br\/servidor\/wp-json\/wp\/v2\/posts\/8878\/revisions\/8879"}],"wp:attachment":[{"href":"https:\/\/blogs.correiobraziliense.com.br\/servidor\/wp-json\/wp\/v2\/media?parent=8878"}],"wp:term":[{"taxonomy":"category","embeddable":true,"href":"https:\/\/blogs.correiobraziliense.com.br\/servidor\/wp-json\/wp\/v2\/categories?post=8878"},{"taxonomy":"post_tag","embeddable":true,"href":"https:\/\/blogs.correiobraziliense.com.br\/servidor\/wp-json\/wp\/v2\/tags?post=8878"}],"curies":[{"name":"wp","href":"https:\/\/api.w.org\/{rel}","templated":true}]}}