{"id":8876,"date":"2018-04-24T17:54:20","date_gmt":"2018-04-24T20:54:20","guid":{"rendered":"https:\/\/blogs.correiobraziliense.com.br\/servidor\/?p=8876"},"modified":"2018-04-24T17:54:20","modified_gmt":"2018-04-24T20:54:20","slug":"fenafisco-e-anfip-lancam-o-manifesto-reforma-tributaria-solidaria","status":"publish","type":"post","link":"https:\/\/blogs.correiobraziliense.com.br\/servidor\/fenafisco-e-anfip-lancam-o-manifesto-reforma-tributaria-solidaria\/","title":{"rendered":"Fenafisco e Anfip lan\u00e7am o manifesto Reforma Tribut\u00e1ria Solid\u00e1ria"},"content":{"rendered":"<p><em>Nesta <span id=\"OBJ_PREFIX_DWT799_com_zimbra_date\">quarta<\/span>-feira, ser\u00e1 lan\u00e7ado o manifesto Reforma Tribut\u00e1ria Solid\u00e1ria, menos Desigualdade, mais Brasil, encabe\u00e7ado pela Federa\u00e7\u00e3o Nacional do Fisco Estadual e Distrital (Fenafisco) e a Associa\u00e7\u00e3o Nacional dos Auditores da Receita Federal (Anfip). O evento\u00a0ser\u00e1 sal\u00e3o nobre da C\u00e2mara dos Deputados, \u00e0s 17h<\/em><\/p>\n<div id=\"gmail-:1b0\" class=\"gmail-ii gmail-gt\">\n<div id=\"gmail-:1fq\" class=\"gmail-a3s gmail-aXjCH gmail-m162f9585ac25238c\">\n<div dir=\"ltr\">\n<div class=\"gmail-m_-2080624514263837047gmail-m_-141799867109339673gmail-adL\">\n<div>O manifesto foi escrito com base em documentos produzidos por mais de 40 especialistas e traz diretrizes de mudan\u00e7as no sistema tribut\u00e1rio como um todo &#8211; n\u00e3o apenas simplifica\u00e7\u00e3o de impostos, com \u00e9 vista a proposta do deputado Luiz Carlos Hauly (PSDB-PR). No manifesto, s\u00e3o apontadas oito diretrizes, resultados de uma an\u00e1lise de todos os tributos que existem no pa\u00eds e compara\u00e7\u00f5es com exemplos de pa\u00edses desenvolvidos.<\/div>\n<div><\/div>\n<div>\u00c9 um manifesto suprapartid\u00e1rio que foca em solu\u00e7\u00f5es para deixar o sistema tribut\u00e1rio mais eficiente, impulsionando a economia e ajudando a diminuir a desigualdade no Brasil, garantem a Fenafisco e a Anfip<\/div>\n<div><span style=\"font-family: arial, helvetica, sans-serif\">\u00a0<\/span><\/div>\n<\/div>\n<\/div>\n<\/div>\n<\/div>\n","protected":false},"excerpt":{"rendered":"<p>Nesta quarta-feira, ser\u00e1 lan\u00e7ado o manifesto Reforma Tribut\u00e1ria Solid\u00e1ria, menos Desigualdade, mais Brasil, encabe\u00e7ado pela Federa\u00e7\u00e3o Nacional do Fisco Estadual e Distrital (Fenafisco) e a Associa\u00e7\u00e3o Nacional dos Auditores da Receita Federal (Anfip). O evento\u00a0ser\u00e1 sal\u00e3o nobre da C\u00e2mara dos Deputados, \u00e0s 17h O manifesto foi escrito com base em documentos produzidos por mais de 40 especialistas e traz diretrizes [&hellip;]<\/p>\n","protected":false},"author":27,"featured_media":0,"comment_status":"open","ping_status":"closed","sticky":false,"template":"","format":"standard","meta":{"footnotes":""},"categories":[2719],"tags":[9997,771,61,6115,760,4320,623,376,12193,12194],"class_list":["post-8876","post","type-post","status-publish","format-standard","hentry","category-servidor","tag-afip","tag-anfip","tag-camara","tag-desigualdade","tag-documentos","tag-fenafisco","tag-manifesto","tag-mudancas","tag-reforma-tributaria","tag-solidaria"],"_links":{"self":[{"href":"https:\/\/blogs.correiobraziliense.com.br\/servidor\/wp-json\/wp\/v2\/posts\/8876","targetHints":{"allow":["GET"]}}],"collection":[{"href":"https:\/\/blogs.correiobraziliense.com.br\/servidor\/wp-json\/wp\/v2\/posts"}],"about":[{"href":"https:\/\/blogs.correiobraziliense.com.br\/servidor\/wp-json\/wp\/v2\/types\/post"}],"author":[{"embeddable":true,"href":"https:\/\/blogs.correiobraziliense.com.br\/servidor\/wp-json\/wp\/v2\/users\/27"}],"replies":[{"embeddable":true,"href":"https:\/\/blogs.correiobraziliense.com.br\/servidor\/wp-json\/wp\/v2\/comments?post=8876"}],"version-history":[{"count":1,"href":"https:\/\/blogs.correiobraziliense.com.br\/servidor\/wp-json\/wp\/v2\/posts\/8876\/revisions"}],"predecessor-version":[{"id":8877,"href":"https:\/\/blogs.correiobraziliense.com.br\/servidor\/wp-json\/wp\/v2\/posts\/8876\/revisions\/8877"}],"wp:attachment":[{"href":"https:\/\/blogs.correiobraziliense.com.br\/servidor\/wp-json\/wp\/v2\/media?parent=8876"}],"wp:term":[{"taxonomy":"category","embeddable":true,"href":"https:\/\/blogs.correiobraziliense.com.br\/servidor\/wp-json\/wp\/v2\/categories?post=8876"},{"taxonomy":"post_tag","embeddable":true,"href":"https:\/\/blogs.correiobraziliense.com.br\/servidor\/wp-json\/wp\/v2\/tags?post=8876"}],"curies":[{"name":"wp","href":"https:\/\/api.w.org\/{rel}","templated":true}]}}