{"id":8871,"date":"2018-04-24T14:38:17","date_gmt":"2018-04-24T17:38:17","guid":{"rendered":"https:\/\/blogs.correiobraziliense.com.br\/servidor\/?p=8871"},"modified":"2018-04-24T14:38:17","modified_gmt":"2018-04-24T17:38:17","slug":"sindicato-sorocabana-representa-oficialmente-os-ferroviarios-da-nova-linha-da-cptm","status":"publish","type":"post","link":"https:\/\/blogs.correiobraziliense.com.br\/servidor\/sindicato-sorocabana-representa-oficialmente-os-ferroviarios-da-nova-linha-da-cptm\/","title":{"rendered":"Sindicato Sorocabana representa oficialmente os ferrovi\u00e1rios da nova linha da CPTM"},"content":{"rendered":"<p>O Sindicato Sorocabana \u00e9 o representante dos ferrovi\u00e1rios da linha 13 \u2013 Jade da CPTM. O trecho liga a capital paulista \u2013 saindo da Esta\u00e7\u00e3o Engenheiro Goulart, na Zona Leste \u2013 at\u00e9 a Esta\u00e7\u00e3o Guarulhos-Aeroporto e foi\u00a0inaugurado no dia 31 de mar\u00e7o de 2018. As opera\u00e7\u00f5es come\u00e7aram em abril, em hor\u00e1rios alternativos nos finais de semana. A partir de maio, a linha passar\u00e1 a funcionar tamb\u00e9m em dias \u00fateis.<\/p>\n<p>Atualmente, o Sindicato Sorocabana representa a categoria das linhas 8 (Diamante) e linha 9 (Esmeralda) da CPTM. \u201cO Sindicato Sorocabana reafirma seu compromisso com a categoria na luta pelos diretos dos ferrovi\u00e1rios\u201d, afirma Izac de Almeida, presidente do Sindicato Sorocabana.<\/p>\n","protected":false},"excerpt":{"rendered":"<p>O Sindicato Sorocabana \u00e9 o representante dos ferrovi\u00e1rios da linha 13 \u2013 Jade da CPTM. O trecho liga a capital paulista \u2013 saindo da Esta\u00e7\u00e3o Engenheiro Goulart, na Zona Leste \u2013 at\u00e9 a Esta\u00e7\u00e3o Guarulhos-Aeroporto e foi\u00a0inaugurado no dia 31 de mar\u00e7o de 2018. As opera\u00e7\u00f5es come\u00e7aram em abril, em hor\u00e1rios alternativos nos finais de semana. A partir de maio, [&hellip;]<\/p>\n","protected":false},"author":27,"featured_media":0,"comment_status":"open","ping_status":"closed","sticky":false,"template":"","format":"standard","meta":{"footnotes":""},"categories":[2719],"tags":[1463,7603,3711,3608,1510,12188,12187],"class_list":["post-8871","post","type-post","status-publish","format-standard","hentry","category-servidor","tag-capital","tag-cptm","tag-ferroviarios","tag-linha","tag-paulista","tag-representa","tag-sindicato-sorocabana"],"_links":{"self":[{"href":"https:\/\/blogs.correiobraziliense.com.br\/servidor\/wp-json\/wp\/v2\/posts\/8871","targetHints":{"allow":["GET"]}}],"collection":[{"href":"https:\/\/blogs.correiobraziliense.com.br\/servidor\/wp-json\/wp\/v2\/posts"}],"about":[{"href":"https:\/\/blogs.correiobraziliense.com.br\/servidor\/wp-json\/wp\/v2\/types\/post"}],"author":[{"embeddable":true,"href":"https:\/\/blogs.correiobraziliense.com.br\/servidor\/wp-json\/wp\/v2\/users\/27"}],"replies":[{"embeddable":true,"href":"https:\/\/blogs.correiobraziliense.com.br\/servidor\/wp-json\/wp\/v2\/comments?post=8871"}],"version-history":[{"count":1,"href":"https:\/\/blogs.correiobraziliense.com.br\/servidor\/wp-json\/wp\/v2\/posts\/8871\/revisions"}],"predecessor-version":[{"id":8872,"href":"https:\/\/blogs.correiobraziliense.com.br\/servidor\/wp-json\/wp\/v2\/posts\/8871\/revisions\/8872"}],"wp:attachment":[{"href":"https:\/\/blogs.correiobraziliense.com.br\/servidor\/wp-json\/wp\/v2\/media?parent=8871"}],"wp:term":[{"taxonomy":"category","embeddable":true,"href":"https:\/\/blogs.correiobraziliense.com.br\/servidor\/wp-json\/wp\/v2\/categories?post=8871"},{"taxonomy":"post_tag","embeddable":true,"href":"https:\/\/blogs.correiobraziliense.com.br\/servidor\/wp-json\/wp\/v2\/tags?post=8871"}],"curies":[{"name":"wp","href":"https:\/\/api.w.org\/{rel}","templated":true}]}}