{"id":8869,"date":"2018-04-21T19:07:00","date_gmt":"2018-04-21T22:07:00","guid":{"rendered":"https:\/\/blogs.correiobraziliense.com.br\/servidor\/?p=8869"},"modified":"2018-04-21T19:07:00","modified_gmt":"2018-04-21T22:07:00","slug":"aprenda-lidar-com-suas-emocoes","status":"publish","type":"post","link":"https:\/\/blogs.correiobraziliense.com.br\/servidor\/aprenda-lidar-com-suas-emocoes\/","title":{"rendered":"Aprenda a lidar com suas emo\u00e7\u00f5es"},"content":{"rendered":"<p><em>&#8220;Lembre-se de cuidar das amizades e dos relacionamentos pessoais e familiares. N\u00e3o se isole! Pesquisas demonstram que o suporte social ajuda a controlar a ansiedade, as press\u00f5es e as emo\u00e7\u00f5es limitantes&#8221;<\/em><\/p>\n<p><strong>Eduardo Shinyashiki*<\/strong><\/p>\n<p>As emo\u00e7\u00f5es fazem parte da nossa energia interior e s\u00e3o capazes de nos fazer sonhar, amar, ousar, alcan\u00e7ar e viver o que a l\u00f3gica e a racionalidade jamais permitiriam. Por\u00e9m, existem tamb\u00e9m emo\u00e7\u00f5es que nos fazem sofrer, chorar, sentir raiva, medo, frustra\u00e7\u00e3o e tristeza, emo\u00e7\u00f5es que nos paralisam e prejudicam a capacidade de argumentar e agir de maneira l\u00facida, levando-nos a comportamentos que n\u00e3o queremos e a resultados que n\u00e3o desejamos.<\/p>\n<p>Por essa raz\u00e3o, aprender a lidar com as suas emo\u00e7\u00f5es se tornou uma das habilidades mais importantes para se obter equil\u00edbrio nas mais diferentes \u00e1reas da vida. Por isso, \u00e9 necess\u00e1rio <span id=\"OBJ_PREFIX_DWT1910_com_zimbra_date\"><span id=\"OBJ_PREFIX_DWT1915_com_zimbra_date\">ter<\/span><\/span> ferramentas que permitam filtrar, compreender e equilibrar as emo\u00e7\u00f5es limitantes e destrutivas.<\/p>\n<p>Quem j\u00e1 n\u00e3o perdeu in\u00fameras oportunidades por n\u00e3o saber lidar com suas emo\u00e7\u00f5es? Para n\u00e3o correr mais esse risco, compartilho quatro dicas para aprender a lidar com as suas emo\u00e7\u00f5es de maneira mais harm\u00f4nica, de forma que elas estejam sempre a seu favor:<\/p>\n<p>1 &#8211; Tenha momentos de reflex\u00e3o: somos respons\u00e1veis por nossa pr\u00f3pria experi\u00eancia e a vida \u00e9 um reflexo do que est\u00e1 em nossa mente. Por isso, \u00e9 preciso dedicar um tempo para fazer uma auto-observa\u00e7\u00e3o daquilo que pensamos e sentimos. Saber lidar com as pr\u00f3prias emo\u00e7\u00f5es \u00e9 um processo de autoconhecimento, de autoconsci\u00eancia e de autopercep\u00e7\u00e3o.<\/p>\n<p>2 &#8211; Libertar os sentimentos dolorosos: a maioria das pessoas, normalmente, deixa que os acontecimentos limitantes do passado continuem machucando e interferindo no presente. Libertar sentimentos dolorosos e perdoar m\u00e1goas e decep\u00e7\u00f5es s\u00e3o atitudes que promovem o equil\u00edbrio emocional para realizar plenamente seus objetivos.<\/p>\n<h4>3 &#8211; Tudo bem n\u00e3o estar tudo bem<\/h4>\n<p>Muitas vezes, as pessoas ficam esperando <span id=\"OBJ_PREFIX_DWT1911_com_zimbra_date\"><span id=\"OBJ_PREFIX_DWT1916_com_zimbra_date\">ter<\/span><\/span> uma vida perfeita, livre de problemas, para ent\u00e3o agir e ir ao encontro dos seus objetivos. N\u00e3o d\u00e1 para esperar que tudo esteja bem para ser feliz. Vari\u00e1veis sempre acontecem no caminho e precisamos aprender a manter um estado interno equilibrado independentemente dos acontecimentos externos. Por meio da concentra\u00e7\u00e3o, medita\u00e7\u00e3o e da autorreflex\u00e3o, pode-se atingir um n\u00edvel de autoconsci\u00eancia que possibilita direcionar os pensamentos e, consequentemente, as emo\u00e7\u00f5es.<\/p>\n<p>4 &#8211; Encontre um apoio<\/p>\n<p>Lembre-se de cuidar das amizades e dos relacionamentos pessoais e familiares. N\u00e3o se isole! Pesquisas demonstram que o suporte social ajuda a controlar a ansiedade, as press\u00f5es e as emo\u00e7\u00f5es limitantes.<\/p>\n<p>O desafio do ser humano \u00e9 equilibrar as emo\u00e7\u00f5es, estar centrado nos momentos de turbul\u00eancia, de des\u00e2nimo e encontrar sua natureza mais profunda e verdadeira. \u00c9 isso que faz a diferen\u00e7a no nosso caminho para a conquista dos objetivos, para colocarmos em pr\u00e1tica todo o nosso potencial, redirecionar o foco, as escolhas, e abrir a mente e o cora\u00e7\u00e3o para as ricas oportunidades da vida, conquistando os resultados desejados e a autorrealiza\u00e7\u00e3o.<\/p>\n<p><em>*Eduardo Shinyashiki<\/em> &#8211; presidente do Instituto Eduardo Shinyashiki, mestre em Neuropsicologia e Lideran\u00e7a Educadora, especialista em desenvolvimento das compet\u00eancias de lideran\u00e7a organizacional e pessoal. <span id=\"OBJ_PREFIX_DWT1912_com_zimbra_url\"><span id=\"OBJ_PREFIX_DWT1917_com_zimbra_url\"><\/span><\/span><\/p>\n","protected":false},"excerpt":{"rendered":"<p>&#8220;Lembre-se de cuidar das amizades e dos relacionamentos pessoais e familiares. N\u00e3o se isole! Pesquisas demonstram que o suporte social ajuda a controlar a ansiedade, as press\u00f5es e as emo\u00e7\u00f5es limitantes&#8221; Eduardo Shinyashiki* As emo\u00e7\u00f5es fazem parte da nossa energia interior e s\u00e3o capazes de nos fazer sonhar, amar, ousar, alcan\u00e7ar e viver o que a l\u00f3gica e a racionalidade [&hellip;]<\/p>\n","protected":false},"author":27,"featured_media":0,"comment_status":"open","ping_status":"closed","sticky":false,"template":"","format":"standard","meta":{"footnotes":""},"categories":[2719],"tags":[12181,12183,12179,8355,12186,10724,1792,1803,4875,4905,12185,12182,12180,12184,1704,7443,2103,3217,372],"class_list":["post-8869","post","type-post","status-publish","format-standard","hentry","category-servidor","tag-amizades","tag-ansiedade","tag-aprenda","tag-controlar","tag-destrutivas","tag-emocoes","tag-energia","tag-equilibrio","tag-familiares","tag-ferramentas","tag-habilidade","tag-isole","tag-lidar","tag-limitantes","tag-pessoais","tag-relacionamento","tag-social","tag-suporte","tag-vida"],"_links":{"self":[{"href":"https:\/\/blogs.correiobraziliense.com.br\/servidor\/wp-json\/wp\/v2\/posts\/8869","targetHints":{"allow":["GET"]}}],"collection":[{"href":"https:\/\/blogs.correiobraziliense.com.br\/servidor\/wp-json\/wp\/v2\/posts"}],"about":[{"href":"https:\/\/blogs.correiobraziliense.com.br\/servidor\/wp-json\/wp\/v2\/types\/post"}],"author":[{"embeddable":true,"href":"https:\/\/blogs.correiobraziliense.com.br\/servidor\/wp-json\/wp\/v2\/users\/27"}],"replies":[{"embeddable":true,"href":"https:\/\/blogs.correiobraziliense.com.br\/servidor\/wp-json\/wp\/v2\/comments?post=8869"}],"version-history":[{"count":1,"href":"https:\/\/blogs.correiobraziliense.com.br\/servidor\/wp-json\/wp\/v2\/posts\/8869\/revisions"}],"predecessor-version":[{"id":8870,"href":"https:\/\/blogs.correiobraziliense.com.br\/servidor\/wp-json\/wp\/v2\/posts\/8869\/revisions\/8870"}],"wp:attachment":[{"href":"https:\/\/blogs.correiobraziliense.com.br\/servidor\/wp-json\/wp\/v2\/media?parent=8869"}],"wp:term":[{"taxonomy":"category","embeddable":true,"href":"https:\/\/blogs.correiobraziliense.com.br\/servidor\/wp-json\/wp\/v2\/categories?post=8869"},{"taxonomy":"post_tag","embeddable":true,"href":"https:\/\/blogs.correiobraziliense.com.br\/servidor\/wp-json\/wp\/v2\/tags?post=8869"}],"curies":[{"name":"wp","href":"https:\/\/api.w.org\/{rel}","templated":true}]}}