{"id":8863,"date":"2018-04-20T15:19:17","date_gmt":"2018-04-20T18:19:17","guid":{"rendered":"https:\/\/blogs.correiobraziliense.com.br\/servidor\/?p=8863"},"modified":"2018-04-20T15:19:17","modified_gmt":"2018-04-20T18:19:17","slug":"fgv-epge-recebe-inscricoes-para-o-mestrado-profissional-em-economia-e-financas-mfee","status":"publish","type":"post","link":"https:\/\/blogs.correiobraziliense.com.br\/servidor\/fgv-epge-recebe-inscricoes-para-o-mestrado-profissional-em-economia-e-financas-mfee\/","title":{"rendered":"FGV EPGE recebe inscri\u00e7\u00f5es para o Mestrado Profissional em Economia e Finan\u00e7as (MFEE)"},"content":{"rendered":"<p style=\"text-align: left\" align=\"center\"><em>A Escola Brasileira de Economia e Finan\u00e7as da Funda\u00e7\u00e3o Getulio Vargas (FGV EPGE) recebe, at\u00e9 <span id=\"OBJ_PREFIX_DWT1557_com_zimbra_date\"><span id=\"OBJ_PREFIX_DWT1572_com_zimbra_date\">28 de maio<\/span><\/span>, inscri\u00e7\u00f5es para o mestrado profissional em Economia e Finan\u00e7as (MFEE). Trata-se de um programa de p\u00f3s-gradua\u00e7\u00e3o stricto sensu de alta qualifica\u00e7\u00e3o, com forma\u00e7\u00e3o s\u00f3lida e aprofundada, por meio da aplica\u00e7\u00e3o das mais modernas teorias de economia e finan\u00e7as \u00e0s atuais quest\u00f5es do mercado financeiro, organiza\u00e7\u00e3o empresarial, pol\u00edticas econ\u00f4micas e \u00e1reas afins, de acordo com a institui\u00e7\u00e3o<\/em><\/p>\n<p style=\"text-align: left\">O mestrado \u00e9 destinado a profissionais de diferentes \u00e1reas de atua\u00e7\u00e3o que querem aprofundamento t\u00e9cnico e pr\u00e1tico nos principais conceitos de Economia e Finan\u00e7as. S\u00e3o quatro linhas de pesquisa: Finan\u00e7as, Economia Empresarial, Regula\u00e7\u00e3o e Avalia\u00e7\u00e3o de Pol\u00edticas P\u00fablicas e Economia de Infraestrutura. \u00c9 o \u00fanico programa de p\u00f3s-gradua\u00e7\u00e3o em Economia no Brasil com quatro notas m\u00e1ximas (cinco) acumuladas nas quatro \u00faltimas avalia\u00e7\u00f5es da Capes <span id=\"OBJ_PREFIX_DWT1558_com_zimbra_phone\"><a href=\"(2001-2003, 2007-2009\">(2001-2003, 2007-2009<\/a><\/span>, 2010-2012 e 2013-2016).<\/p>\n<p style=\"text-align: left\">&#8220;O MFEE est\u00e1 inserido numa escola que persegue excel\u00eancia em \u00e2mbito internacional desde a sua cria\u00e7\u00e3o. Seus professores s\u00e3o liderados por um sistema de senioridade semelhante aos adotados por escolas americanas e europeias, sendo avaliados de acordo com a visibilidade de suas pesquisas em publica\u00e7\u00f5es e cita\u00e7\u00f5es em peri\u00f3dicos do &#8216;mainstream&#8217; de Finan\u00e7as e Economia. Al\u00e9m disso, semin\u00e1rios internacionais s\u00e3o organizados regularmente, contando inclusive com a participa\u00e7\u00e3o de professores agraciados com o Nobel ou que sejam editores de peri\u00f3dicos importantes. A EPGE recruta anualmente professores assistentes no &#8216;job market&#8217; internacional para manter a vitalidade do seu quadro, procurando tamb\u00e9m envolver alunos dos seus programas profissional e acad\u00eamico em interc\u00e2mbios internacionais com escolas de Governo e Regula\u00e7\u00e3o, assim como em departamentos de Finan\u00e7as e Economia&#8221;, afirmam os coordenadores do curso, professores Jo\u00edsa Campanher Dutra e Ricardo de Oliveira Cavalcanti.<\/p>\n<p style=\"text-align: left\"><strong>Estrutura<\/strong><\/p>\n<p style=\"text-align: left\">Com dura\u00e7\u00e3o de dois anos letivos, o Mestrado Profissional em Economia e Finan\u00e7as (MFEE) \u00e9 dividido em trimestres compostos por duas disciplinas cada. O programa \u00e9 oferecido no per\u00edodo noturno, com aulas de tr\u00eas a quatro noites por semana e tamb\u00e9m monitorias, com dura\u00e7\u00e3o de tr\u00eas horas cada aula. Para o t\u00edtulo de mestre, o aluno deve cumprir todas as exig\u00eancias do curso em, no m\u00e1ximo, 24 meses. Durante o programa, o aluno <span id=\"OBJ_PREFIX_DWT1559_com_zimbra_date\"><span id=\"OBJ_PREFIX_DWT1573_com_zimbra_date\">ter<\/span><\/span>\u00e1 a chance de estudar no exterior e ainda aproveitar seus cr\u00e9ditos no programa.<\/p>\n<p style=\"text-align: left\">Para mais informa\u00e7\u00f5es e inscri\u00e7\u00f5es, acesse <span id=\"OBJ_PREFIX_DWT1560_com_zimbra_url\"><span id=\"OBJ_PREFIX_DWT1574_com_zimbra_url\"><a href=\"http:\/\/www.imcgrupo.com\/link.php?code=bDpodHRwJTNBJTJGJTJGd3d3LmZndi5iciUyRmVwZ2UlMkZtZmVlOjM4MzI0NTI5MTY6dmVyYWJhdGlzdGEuZGZAZGFici5jb20uYnI6ZWI1NjYwZTYxNTU1ZDFlMDVhYTYzNjFiNTlkNGFmNzZiNg==\" target=\"_blank\">www.fgv.br\/epge\/mfee<\/a><\/span><\/span><\/p>\n","protected":false},"excerpt":{"rendered":"<p>A Escola Brasileira de Economia e Finan\u00e7as da Funda\u00e7\u00e3o Getulio Vargas (FGV EPGE) recebe, at\u00e9 28 de maio, inscri\u00e7\u00f5es para o mestrado profissional em Economia e Finan\u00e7as (MFEE). Trata-se de um programa de p\u00f3s-gradua\u00e7\u00e3o stricto sensu de alta qualifica\u00e7\u00e3o, com forma\u00e7\u00e3o s\u00f3lida e aprofundada, por meio da aplica\u00e7\u00e3o das mais modernas teorias de economia e finan\u00e7as \u00e0s atuais quest\u00f5es do [&hellip;]<\/p>\n","protected":false},"author":27,"featured_media":0,"comment_status":"open","ping_status":"closed","sticky":false,"template":"","format":"standard","meta":{"footnotes":""},"categories":[2719],"tags":[8856,4775,1193,3290,1222,12169,12168,487,781,424,12170,1968,4340,1075,478,1596,3793,12171,1067],"class_list":["post-8863","post","type-post","status-publish","format-standard","hentry","category-servidor","tag-aprofundamento","tag-areas","tag-atuacao","tag-capes","tag-conceitos","tag-economia-e-financas","tag-fgv-epge","tag-infraestrutura","tag-inscricoes","tag-mestrado","tag-mfee","tag-notas","tag-pos-graduacao","tag-profissionais","tag-profissional","tag-programa","tag-qualificacao","tag-strictu-sensu","tag-tecnico"],"_links":{"self":[{"href":"https:\/\/blogs.correiobraziliense.com.br\/servidor\/wp-json\/wp\/v2\/posts\/8863","targetHints":{"allow":["GET"]}}],"collection":[{"href":"https:\/\/blogs.correiobraziliense.com.br\/servidor\/wp-json\/wp\/v2\/posts"}],"about":[{"href":"https:\/\/blogs.correiobraziliense.com.br\/servidor\/wp-json\/wp\/v2\/types\/post"}],"author":[{"embeddable":true,"href":"https:\/\/blogs.correiobraziliense.com.br\/servidor\/wp-json\/wp\/v2\/users\/27"}],"replies":[{"embeddable":true,"href":"https:\/\/blogs.correiobraziliense.com.br\/servidor\/wp-json\/wp\/v2\/comments?post=8863"}],"version-history":[{"count":1,"href":"https:\/\/blogs.correiobraziliense.com.br\/servidor\/wp-json\/wp\/v2\/posts\/8863\/revisions"}],"predecessor-version":[{"id":8864,"href":"https:\/\/blogs.correiobraziliense.com.br\/servidor\/wp-json\/wp\/v2\/posts\/8863\/revisions\/8864"}],"wp:attachment":[{"href":"https:\/\/blogs.correiobraziliense.com.br\/servidor\/wp-json\/wp\/v2\/media?parent=8863"}],"wp:term":[{"taxonomy":"category","embeddable":true,"href":"https:\/\/blogs.correiobraziliense.com.br\/servidor\/wp-json\/wp\/v2\/categories?post=8863"},{"taxonomy":"post_tag","embeddable":true,"href":"https:\/\/blogs.correiobraziliense.com.br\/servidor\/wp-json\/wp\/v2\/tags?post=8863"}],"curies":[{"name":"wp","href":"https:\/\/api.w.org\/{rel}","templated":true}]}}