{"id":8854,"date":"2018-04-19T20:37:31","date_gmt":"2018-04-19T23:37:31","guid":{"rendered":"https:\/\/blogs.correiobraziliense.com.br\/servidor\/?p=8854"},"modified":"2018-04-19T20:37:31","modified_gmt":"2018-04-19T23:37:31","slug":"campanha-do-imposto-de-renda-2018-tambem-nas-redes-sociais","status":"publish","type":"post","link":"https:\/\/blogs.correiobraziliense.com.br\/servidor\/campanha-do-imposto-de-renda-2018-tambem-nas-redes-sociais\/","title":{"rendered":"Campanha do Imposto de Renda 2018 tamb\u00e9m nas redes sociais"},"content":{"rendered":"<p><span style=\"font-family: Arial;font-size: medium\"><i>Receita j\u00e1 recebeu mais de 14 milh\u00f5es de declara\u00e7\u00f5es do IRPF 2018<\/i><\/span><\/p>\n<p><span style=\"font-family: Arial;font-size: medium\">A Receita Federal e a Secretaria de Comunica\u00e7\u00e3o da Presid\u00eancia da Rep\u00fablica (Secom) est\u00e3o divulgando diariamente nas redes sociais diversas informa\u00e7\u00f5es e orienta\u00e7\u00f5es sobre o IR, com destaque para as inova\u00e7\u00f5es tecnol\u00f3gicas, como, por exemplo, a possibilidade de preencher e transmitir a declara\u00e7\u00e3o por meio de tablet ou celular.<\/span><\/p>\n<div><span style=\"font-family: Arial;font-size: medium\">Al\u00e9m da Secom e da Receita Federal, participam da campanha a Assessoria de Comunica\u00e7\u00e3o do Gabinete do Minist\u00e9rio da Fazenda, a Secretaria de Previd\u00eancia, a Escola de Administra\u00e7\u00e3o Fazend\u00e1ria (Esaf) e o Minist\u00e9rio do Planejamento, Desenvolvimento e Gest\u00e3o.<\/span><\/p>\n<p><span style=\"font-family: Arial;font-size: medium\">At\u00e9 \u00e0s 17 horas de hoje, 19 de abril, 14.149.064 declara\u00e7\u00f5es foram recebidas pelos sistemas da Receita. De acordo com o supervisor nacional do IR, Joaquim Adir, a expectativa \u00e9 de que 28,8 milh\u00f5es de contribuintes entreguem a declara\u00e7\u00e3o. O prazo de entrega da declara\u00e7\u00e3o vai de 1\u00ba de mar\u00e7o a 30 de abril.<\/span><span style=\"font-family: Arial;font-size: medium\">A Receita alerta que os contribuintes que perderem o prazo estar\u00e3o sujeitos ao pagamento de multa m\u00ednima de R$ 165,74 e m\u00e1xima de 20% do imposto devido.<\/span><\/p>\n<p><img decoding=\"async\" class=\"CToWUd a6T\" src=\"https:\/\/mail.google.com\/mail\/u\/0\/?ui=2&amp;ik=161b52c0c4&amp;view=fimg&amp;th=162df89547c85164&amp;attid=0.1&amp;disp=emb&amp;attbid=ANGjdJ-_bSYNm0Zp_olH4SBZkde-V_7bGqp5K9qyFi9ipVtEfPH5gBArCWA5ud8J85zx1i7_hwvyNIATg6z9P_NjWAC6sA6xMOb-woyRWoaR6w20AnGW52Cm5IgNSR4&amp;sz=s0-l75-ft&amp;ats=1524169520165&amp;rm=162df89547c85164&amp;zw&amp;atsh=1\" alt=\"\" \/><\/p>\n<\/div>\n","protected":false},"excerpt":{"rendered":"<p>Receita j\u00e1 recebeu mais de 14 milh\u00f5es de declara\u00e7\u00f5es do IRPF 2018 A Receita Federal e a Secretaria de Comunica\u00e7\u00e3o da Presid\u00eancia da Rep\u00fablica (Secom) est\u00e3o divulgando diariamente nas redes sociais diversas informa\u00e7\u00f5es e orienta\u00e7\u00f5es sobre o IR, com destaque para as inova\u00e7\u00f5es tecnol\u00f3gicas, como, por exemplo, a possibilidade de preencher e transmitir a declara\u00e7\u00e3o por meio de tablet ou [&hellip;]<\/p>\n","protected":false},"author":27,"featured_media":0,"comment_status":"open","ping_status":"closed","sticky":false,"template":"","format":"standard","meta":{"footnotes":""},"categories":[2719],"tags":[305,515,1218,1273,12162,3786,405,1174,1083],"class_list":["post-8854","post","type-post","status-publish","format-standard","hentry","category-servidor","tag-campanha","tag-contribuintes","tag-declaracoes","tag-entrega","tag-imposto-de-renda-2018","tag-irpf","tag-multa","tag-prazo","tag-redes-sociais"],"_links":{"self":[{"href":"https:\/\/blogs.correiobraziliense.com.br\/servidor\/wp-json\/wp\/v2\/posts\/8854","targetHints":{"allow":["GET"]}}],"collection":[{"href":"https:\/\/blogs.correiobraziliense.com.br\/servidor\/wp-json\/wp\/v2\/posts"}],"about":[{"href":"https:\/\/blogs.correiobraziliense.com.br\/servidor\/wp-json\/wp\/v2\/types\/post"}],"author":[{"embeddable":true,"href":"https:\/\/blogs.correiobraziliense.com.br\/servidor\/wp-json\/wp\/v2\/users\/27"}],"replies":[{"embeddable":true,"href":"https:\/\/blogs.correiobraziliense.com.br\/servidor\/wp-json\/wp\/v2\/comments?post=8854"}],"version-history":[{"count":1,"href":"https:\/\/blogs.correiobraziliense.com.br\/servidor\/wp-json\/wp\/v2\/posts\/8854\/revisions"}],"predecessor-version":[{"id":8855,"href":"https:\/\/blogs.correiobraziliense.com.br\/servidor\/wp-json\/wp\/v2\/posts\/8854\/revisions\/8855"}],"wp:attachment":[{"href":"https:\/\/blogs.correiobraziliense.com.br\/servidor\/wp-json\/wp\/v2\/media?parent=8854"}],"wp:term":[{"taxonomy":"category","embeddable":true,"href":"https:\/\/blogs.correiobraziliense.com.br\/servidor\/wp-json\/wp\/v2\/categories?post=8854"},{"taxonomy":"post_tag","embeddable":true,"href":"https:\/\/blogs.correiobraziliense.com.br\/servidor\/wp-json\/wp\/v2\/tags?post=8854"}],"curies":[{"name":"wp","href":"https:\/\/api.w.org\/{rel}","templated":true}]}}