{"id":8850,"date":"2018-04-19T17:01:58","date_gmt":"2018-04-19T20:01:58","guid":{"rendered":"https:\/\/blogs.correiobraziliense.com.br\/servidor\/?p=8850"},"modified":"2018-04-19T17:01:58","modified_gmt":"2018-04-19T20:01:58","slug":"flavio-werneck-denuncia-anomalia-de-comissao-especial-do-cpp-que-tem-como-titular-um-preso","status":"publish","type":"post","link":"https:\/\/blogs.correiobraziliense.com.br\/servidor\/flavio-werneck-denuncia-anomalia-de-comissao-especial-do-cpp-que-tem-como-titular-um-preso\/","title":{"rendered":"Fl\u00e1vio Werneck denuncia anomalia de comiss\u00e3o especial do CPP que tem como titular um preso"},"content":{"rendered":"<p><em>O deputado Jo\u00e3o Rodrigues (PSD-SC), preso por dispensa irregular de licita\u00e7\u00e3o, \u00e9 titular da Comiss\u00e3o Especial que vai debater o novo C\u00f3digo de Processo Penal<\/em><\/p>\n<p>Para o presidente do Sindipol-DF e vice-presidente da Fenapef, Fl\u00e1vio Werneck, o absurdo em permitir que um preso participe das delibera\u00e7\u00f5es sobre o novo C\u00f3digo de Processo Penal \u00a0mostra a pouca seriedade da Comiss\u00e3o Especial. Essa permissividade compromete e muito os debates e seus resultados, uma vez que \u00a0qualquer tipo de mudan\u00e7a aprovada pelo CPP come\u00e7a a ser aplicada imediatamente. \u201cComo um condenado e preso pode trabalhar em algo que trata de recursos de processo penal, de altera\u00e7\u00f5es de um instituto que pode beneficiar ele mesmo? A comiss\u00e3o deveria ter um crivo com o mesmo rigor que o assunto merece. Quem estivesse respondendo a processos penais n\u00e3o poderia de maneira alguma participar da Comiss\u00e3o Especial. Deveria ser declarado suspeito.\u201d<\/p>\n","protected":false},"excerpt":{"rendered":"<p>O deputado Jo\u00e3o Rodrigues (PSD-SC), preso por dispensa irregular de licita\u00e7\u00e3o, \u00e9 titular da Comiss\u00e3o Especial que vai debater o novo C\u00f3digo de Processo Penal Para o presidente do Sindipol-DF e vice-presidente da Fenapef, Fl\u00e1vio Werneck, o absurdo em permitir que um preso participe das delibera\u00e7\u00f5es sobre o novo C\u00f3digo de Processo Penal \u00a0mostra a pouca seriedade da Comiss\u00e3o Especial. [&hellip;]<\/p>\n","protected":false},"author":27,"featured_media":0,"comment_status":"open","ping_status":"closed","sticky":false,"template":"","format":"standard","meta":{"footnotes":""},"categories":[2719],"tags":[1321,12158,1150,5915,5568,12160,847,1378,1202,3273,3704,4266,12159,1157,1121,8308,5208],"class_list":["post-8850","post","type-post","status-publish","format-standard","hentry","category-servidor","tag-alteracoes","tag-anomalia","tag-comissao","tag-condenado","tag-cpp","tag-crivo","tag-debate","tag-dispensa","tag-especial","tag-irregular","tag-licitacao","tag-penal","tag-permissividade","tag-processo","tag-resultados","tag-seriedade","tag-suspeitos"],"_links":{"self":[{"href":"https:\/\/blogs.correiobraziliense.com.br\/servidor\/wp-json\/wp\/v2\/posts\/8850","targetHints":{"allow":["GET"]}}],"collection":[{"href":"https:\/\/blogs.correiobraziliense.com.br\/servidor\/wp-json\/wp\/v2\/posts"}],"about":[{"href":"https:\/\/blogs.correiobraziliense.com.br\/servidor\/wp-json\/wp\/v2\/types\/post"}],"author":[{"embeddable":true,"href":"https:\/\/blogs.correiobraziliense.com.br\/servidor\/wp-json\/wp\/v2\/users\/27"}],"replies":[{"embeddable":true,"href":"https:\/\/blogs.correiobraziliense.com.br\/servidor\/wp-json\/wp\/v2\/comments?post=8850"}],"version-history":[{"count":1,"href":"https:\/\/blogs.correiobraziliense.com.br\/servidor\/wp-json\/wp\/v2\/posts\/8850\/revisions"}],"predecessor-version":[{"id":8851,"href":"https:\/\/blogs.correiobraziliense.com.br\/servidor\/wp-json\/wp\/v2\/posts\/8850\/revisions\/8851"}],"wp:attachment":[{"href":"https:\/\/blogs.correiobraziliense.com.br\/servidor\/wp-json\/wp\/v2\/media?parent=8850"}],"wp:term":[{"taxonomy":"category","embeddable":true,"href":"https:\/\/blogs.correiobraziliense.com.br\/servidor\/wp-json\/wp\/v2\/categories?post=8850"},{"taxonomy":"post_tag","embeddable":true,"href":"https:\/\/blogs.correiobraziliense.com.br\/servidor\/wp-json\/wp\/v2\/tags?post=8850"}],"curies":[{"name":"wp","href":"https:\/\/api.w.org\/{rel}","templated":true}]}}