{"id":8848,"date":"2018-04-19T16:56:49","date_gmt":"2018-04-19T19:56:49","guid":{"rendered":"https:\/\/blogs.correiobraziliense.com.br\/servidor\/?p=8848"},"modified":"2018-04-19T16:56:49","modified_gmt":"2018-04-19T19:56:49","slug":"prisao-em-2a-instancia-relator-tera-audiencias-com-juristas-e-sociedade-civil-para-debater-pec","status":"publish","type":"post","link":"https:\/\/blogs.correiobraziliense.com.br\/servidor\/prisao-em-2a-instancia-relator-tera-audiencias-com-juristas-e-sociedade-civil-para-debater-pec\/","title":{"rendered":"Pris\u00e3o em 2\u00aa inst\u00e2ncia: Relator ter\u00e1 audi\u00eancias com juristas e sociedade civil para debater PEC"},"content":{"rendered":"<div class=\"m_-6904698036224153286gmail-content-page\">\n<p><em>A PEC deixa claro na Constitui\u00e7\u00e3o que a pena pode come\u00e7ar a ser cumprida ap\u00f3s condena\u00e7\u00e3o em segunda inst\u00e2ncia<\/em><\/p>\n<p>O relator da Proposta de Emenda \u00e0 Constitui\u00e7\u00e3o (PEC 410\/218), da pris\u00e3o em segunda inst\u00e2ncia, deputado federal Rubens Bueno (PPS-PR), vai promover ter audi\u00eancias com juristas e representantes da sociedade civil para debater o tema na Comiss\u00e3o de Constitui\u00e7\u00e3o e Justi\u00e7a da C\u00e2mara. O plano de trabalho apresentado nesta semana prev\u00ea que os debates sejam no m\u00eas de abril. J\u00e1 o m\u00eas de maio ficar\u00e1 reservado para apresenta\u00e7\u00e3o e vota\u00e7\u00e3o do relat\u00f3rio da PEC, de autoria do l\u00edder do PPS, deputado federal Alex Manente (SP).<\/p>\n<p>De acordo com Rubens Bueno, as audi\u00eancias s\u00e3o necess\u00e1rias pois o tema, que causa pol\u00eamica principalmente no meio jur\u00eddico em virtude das mudan\u00e7as de interpreta\u00e7\u00f5es feitas pelo Supremo Tribunal Federal (STF), \u201c\u00e9 de extrema import\u00e2ncia para o amadurecimento da democracia brasileira e a credibilidade das institui\u00e7\u00f5es no pa\u00eds\u201d.<\/p>\n<p>O debate na comiss\u00e3o, com a participa\u00e7\u00e3o da sociedade, ser\u00e1, na avalia\u00e7\u00e3o do relator, uma oportunidade para a apresenta\u00e7\u00e3o de diversas vis\u00f5es sobre o assunto. \u201cA participa\u00e7\u00e3o de juristas e representantes da sociedade civil em audi\u00eancia ser\u00e1 necess\u00e1ria para adotarmos um posicionamento constitucionalmente embasado a respeito da admissibilidade da proposta\u201d, ressaltou Bueno.<\/p>\n<p>A PEC altera o inciso 57 do artigo 5\u00ba da Constitui\u00e7\u00e3o que estabelece que \u201cningu\u00e9m ser\u00e1 considerado culpado at\u00e9 o tr\u00e2nsito em julgado de senten\u00e7a penal condenat\u00f3ria\u201d. O texto apresentado por Manente coloca na Carta Magna que \u201cningu\u00e9m ser\u00e1 considerado culpado at\u00e9 a confirma\u00e7\u00e3o de senten\u00e7a penal condenat\u00f3ria em grau de recurso\u201d. Com isso, a proposta deixa claro na Constitui\u00e7\u00e3o que a pena pode come\u00e7ar a ser cumprida ap\u00f3s condena\u00e7\u00e3o em segunda inst\u00e2ncia.<\/p>\n<\/div>\n","protected":false},"excerpt":{"rendered":"<p>A PEC deixa claro na Constitui\u00e7\u00e3o que a pena pode come\u00e7ar a ser cumprida ap\u00f3s condena\u00e7\u00e3o em segunda inst\u00e2ncia O relator da Proposta de Emenda \u00e0 Constitui\u00e7\u00e3o (PEC 410\/218), da pris\u00e3o em segunda inst\u00e2ncia, deputado federal Rubens Bueno (PPS-PR), vai promover ter audi\u00eancias com juristas e representantes da sociedade civil para debater o tema na Comiss\u00e3o de Constitui\u00e7\u00e3o e Justi\u00e7a [&hellip;]<\/p>\n","protected":false},"author":27,"featured_media":0,"comment_status":"open","ping_status":"closed","sticky":false,"template":"","format":"standard","meta":{"footnotes":""},"categories":[2719],"tags":[12157,3418,61,2187,2352,794,4053,10917,5315,3579,640,1038,3169,4031,11958,10154,34],"class_list":["post-8848","post","type-post","status-publish","format-standard","hentry","category-servidor","tag-admissibilidade","tag-audiencias","tag-camara","tag-ccj","tag-credibilidade","tag-debater","tag-democracia","tag-interpretacoes","tag-juridico","tag-juristas","tag-polemica","tag-prisao","tag-relator","tag-relatorio","tag-segunda-instancia","tag-sociedade-civil","tag-stf"],"_links":{"self":[{"href":"https:\/\/blogs.correiobraziliense.com.br\/servidor\/wp-json\/wp\/v2\/posts\/8848","targetHints":{"allow":["GET"]}}],"collection":[{"href":"https:\/\/blogs.correiobraziliense.com.br\/servidor\/wp-json\/wp\/v2\/posts"}],"about":[{"href":"https:\/\/blogs.correiobraziliense.com.br\/servidor\/wp-json\/wp\/v2\/types\/post"}],"author":[{"embeddable":true,"href":"https:\/\/blogs.correiobraziliense.com.br\/servidor\/wp-json\/wp\/v2\/users\/27"}],"replies":[{"embeddable":true,"href":"https:\/\/blogs.correiobraziliense.com.br\/servidor\/wp-json\/wp\/v2\/comments?post=8848"}],"version-history":[{"count":1,"href":"https:\/\/blogs.correiobraziliense.com.br\/servidor\/wp-json\/wp\/v2\/posts\/8848\/revisions"}],"predecessor-version":[{"id":8849,"href":"https:\/\/blogs.correiobraziliense.com.br\/servidor\/wp-json\/wp\/v2\/posts\/8848\/revisions\/8849"}],"wp:attachment":[{"href":"https:\/\/blogs.correiobraziliense.com.br\/servidor\/wp-json\/wp\/v2\/media?parent=8848"}],"wp:term":[{"taxonomy":"category","embeddable":true,"href":"https:\/\/blogs.correiobraziliense.com.br\/servidor\/wp-json\/wp\/v2\/categories?post=8848"},{"taxonomy":"post_tag","embeddable":true,"href":"https:\/\/blogs.correiobraziliense.com.br\/servidor\/wp-json\/wp\/v2\/tags?post=8848"}],"curies":[{"name":"wp","href":"https:\/\/api.w.org\/{rel}","templated":true}]}}