{"id":8844,"date":"2018-04-19T11:40:36","date_gmt":"2018-04-19T14:40:36","guid":{"rendered":"https:\/\/blogs.correiobraziliense.com.br\/servidor\/?p=8844"},"modified":"2018-04-19T11:40:36","modified_gmt":"2018-04-19T14:40:36","slug":"prorrogado-prazo-para-conclusao-de-estudo-sobre-reforma-trabalhista-lei-13-4672017","status":"publish","type":"post","link":"https:\/\/blogs.correiobraziliense.com.br\/servidor\/prorrogado-prazo-para-conclusao-de-estudo-sobre-reforma-trabalhista-lei-13-4672017\/","title":{"rendered":"Prorrogado prazo para conclus\u00e3o de estudo sobre a Reforma Trabalhista (Lei 13.467\/2017)"},"content":{"rendered":"<p>O presidente do Tribunal Superior do Trabalho, ministro Brito Pereira, concedeu, nesta quarta-feira (18), 30 dias de prorroga\u00e7\u00e3o de prazo para a conclus\u00e3o dos trabalhos da comiss\u00e3o de ministros criada para estudar a aplica\u00e7\u00e3o da Reforma Trabalhista (Lei 13.467\/17) e apresentar conclus\u00f5es ao Tribunal.\u00a0<u><\/u><u><\/u><\/p>\n<p>A extens\u00e3o do prazo foi solicitada pelo presidente da comiss\u00e3o, ministro Aloysio Corr\u00eaa da Veiga, dada a necessidade de prosseguimento nos estudos dos temas envolvidos.\u00a0<u><\/u><u><\/u><\/p>\n<p>Desde que foi criada, em fevereiro, a comiss\u00e3o, composta por nove ministros, se re\u00fane periodicamente para analisar os dispositivos recentemente introduzidos na Consolida\u00e7\u00e3o das Leis do Trabalho (CLT). Entre os temas principais em estudo est\u00e3o o equacionamento de quest\u00f5es relativas ao direito intertemporal e \u00e0 transcend\u00eancia.<\/p>\n","protected":false},"excerpt":{"rendered":"<p>O presidente do Tribunal Superior do Trabalho, ministro Brito Pereira, concedeu, nesta quarta-feira (18), 30 dias de prorroga\u00e7\u00e3o de prazo para a conclus\u00e3o dos trabalhos da comiss\u00e3o de ministros criada para estudar a aplica\u00e7\u00e3o da Reforma Trabalhista (Lei 13.467\/17) e apresentar conclus\u00f5es ao Tribunal.\u00a0 A extens\u00e3o do prazo foi solicitada pelo presidente da comiss\u00e3o, ministro Aloysio Corr\u00eaa da Veiga, dada [&hellip;]<\/p>\n","protected":false},"author":27,"featured_media":0,"comment_status":"open","ping_status":"closed","sticky":false,"template":"","format":"standard","meta":{"footnotes":""},"categories":[2719],"tags":[2272,1150,2989,116,1287,12152,9158,33,1174,10405,9253,12153,503],"class_list":["post-8844","post","type-post","status-publish","format-standard","hentry","category-servidor","tag-clt","tag-comissao","tag-conclusao","tag-direito","tag-estudo","tag-intertemporal","tag-lei-13-4672017","tag-ministros","tag-prazo","tag-prorrogado","tag-reforma-trabalhista","tag-transcendencia","tag-tst"],"_links":{"self":[{"href":"https:\/\/blogs.correiobraziliense.com.br\/servidor\/wp-json\/wp\/v2\/posts\/8844","targetHints":{"allow":["GET"]}}],"collection":[{"href":"https:\/\/blogs.correiobraziliense.com.br\/servidor\/wp-json\/wp\/v2\/posts"}],"about":[{"href":"https:\/\/blogs.correiobraziliense.com.br\/servidor\/wp-json\/wp\/v2\/types\/post"}],"author":[{"embeddable":true,"href":"https:\/\/blogs.correiobraziliense.com.br\/servidor\/wp-json\/wp\/v2\/users\/27"}],"replies":[{"embeddable":true,"href":"https:\/\/blogs.correiobraziliense.com.br\/servidor\/wp-json\/wp\/v2\/comments?post=8844"}],"version-history":[{"count":1,"href":"https:\/\/blogs.correiobraziliense.com.br\/servidor\/wp-json\/wp\/v2\/posts\/8844\/revisions"}],"predecessor-version":[{"id":8845,"href":"https:\/\/blogs.correiobraziliense.com.br\/servidor\/wp-json\/wp\/v2\/posts\/8844\/revisions\/8845"}],"wp:attachment":[{"href":"https:\/\/blogs.correiobraziliense.com.br\/servidor\/wp-json\/wp\/v2\/media?parent=8844"}],"wp:term":[{"taxonomy":"category","embeddable":true,"href":"https:\/\/blogs.correiobraziliense.com.br\/servidor\/wp-json\/wp\/v2\/categories?post=8844"},{"taxonomy":"post_tag","embeddable":true,"href":"https:\/\/blogs.correiobraziliense.com.br\/servidor\/wp-json\/wp\/v2\/tags?post=8844"}],"curies":[{"name":"wp","href":"https:\/\/api.w.org\/{rel}","templated":true}]}}