{"id":881,"date":"2016-01-30T12:35:56","date_gmt":"2016-01-30T14:35:56","guid":{"rendered":"https:\/\/blogs.correiobraziliense.com.br\/servidor\/?p=881"},"modified":"2016-01-30T12:36:18","modified_gmt":"2016-01-30T14:36:18","slug":"alta-na-geap-e-suspensa-pela-justica","status":"publish","type":"post","link":"https:\/\/blogs.correiobraziliense.com.br\/servidor\/alta-na-geap-e-suspensa-pela-justica\/","title":{"rendered":"ALTA NA GEAP \u00c9 SUSPENSA PELA JUSTI\u00c7A"},"content":{"rendered":"<p><span style=\"font-family: Utopia, sans-serif\"><span style=\"font-size: small\">Justi\u00e7a suspendeu a cobran\u00e7a de reajuste de 37,55% da Geap, a maior operadora de planos de sa\u00fade do funcionalismo p\u00fablico, que come\u00e7aria a vigorar na segunda-feira, 1\u00ba de fevereiro, de acordo com comunicado enviado aos segurados nesta semana. O juiz Bruno Anderson Santos, da 22\u00aa Vara do Distrito Federal, considerou o aumento abusivo e entendeu que a corre\u00e7\u00e3o das mensalidades pode prejudicar os segurados. Na senten\u00e7a, ele destaca que \u201ch\u00e1 grande probabilidade de o reajuste implementado pela operadora (que chegam a ultrapassar os 50%, dependendo da faixa et\u00e1ria) inviabilize a perman\u00eancia de in\u00fameros segurados, o que, aparentemente, pode caracterizar reajuste abusivo\u201d. <\/span><\/span><\/p>\n<p><span style=\"font-family: Utopia, sans-serif\"><span style=\"font-size: small\">Al\u00e9m disso, com base na informa\u00e7\u00e3o da autora do processo, a Associa\u00e7\u00e3o Nacional dos Servidores da Previd\u00eancia e Seguridade Social (Anasps), o magistrado ressaltou que os \u00edndices elevados se limitaram \u00e0 contribui\u00e7\u00e3o dos associados, \u201cenquanto a cota custeada pela administra\u00e7\u00e3o sofreu aumento bem inferior\u201d. Ele expediu uma liminar suspendendo a cobran\u00e7a, at\u00e9 o fim do julgamento do processo. Uma das alega\u00e7\u00f5es da Anasps foi a de que a contribui\u00e7\u00e3o individual n\u00e3o pode ser reajustada acima da m\u00e9dia dos planos de sa\u00fade comercial coletivos, de 20%.<\/span><\/span><\/p>\n<p><span style=\"font-family: Utopia, sans-serif\"><span style=\"font-size: small\">O presidente da associa\u00e7\u00e3o, Alexandre Lisboa, considerou que a decis\u00e3o conserta, ainda que em car\u00e1ter provis\u00f3rio, \u201ca injusti\u00e7a de tentar transferir para os servidores o \u00f4nus de custeio da Geap\u201d. Na opini\u00e3o dele, o aumento deveria ser bancado pelo governo, que n\u00e3o participa paritariamente do custeio, apesar de ter voto majorit\u00e1rio e imp\u00f4r decis\u00f5es.<\/span><\/span><\/p>\n<p><span style=\"font-family: Utopia, sans-serif\"><span style=\"font-size: small\">Desde que o reajuste foi divulgado, no ano passado, entidades de servidores repudiaram a medida. Em comunicado enviado aos segurados, Geap justificou que os planos da empresa continuam, em m\u00e9dia, 40% mais baratos do que os oferecidos por outras operadoras. \u201cNo custeio da Geap, uma pessoa com 59 anos pagar\u00e1, no m\u00e1ximo, R$ 808,35 (sem descontar a contrapartida da patrocinadora). Para esta mesma faixa, nas outras tr\u00eas operadoras analisadas, a mensalidade mais em conta ficou em R$ 1,178,84\u201d, apontou o documento. Em rela\u00e7\u00e3o \u00e0 decis\u00e3o do juiz, a Geap informou que ainda n\u00e3o foi notificada e que n\u00e3o vai se manifestar.<\/span><\/span><\/p>\n","protected":false},"excerpt":{"rendered":"<p>Justi\u00e7a suspendeu a cobran\u00e7a de reajuste de 37,55% da Geap, a maior operadora de planos de sa\u00fade do funcionalismo p\u00fablico, que come\u00e7aria a vigorar na segunda-feira, 1\u00ba de fevereiro, de acordo com comunicado enviado aos segurados nesta semana. O juiz Bruno Anderson Santos, da 22\u00aa Vara do Distrito Federal, considerou o aumento abusivo e entendeu que a corre\u00e7\u00e3o das mensalidades [&hellip;]<\/p>\n","protected":false},"author":27,"featured_media":0,"comment_status":"open","ping_status":"closed","sticky":false,"template":"","format":"standard","meta":{"footnotes":""},"categories":[1],"tags":[614,337,236,76,260,617,615,63,616,58,43],"class_list":["post-881","post","type-post","status-publish","format-standard","hentry","category-sem-categoria","tag-alta","tag-anasps","tag-custeio","tag-geap","tag-justica","tag-liminar","tag-plano","tag-reajuste","tag-saude","tag-servidores","tag-suspensa"],"_links":{"self":[{"href":"https:\/\/blogs.correiobraziliense.com.br\/servidor\/wp-json\/wp\/v2\/posts\/881","targetHints":{"allow":["GET"]}}],"collection":[{"href":"https:\/\/blogs.correiobraziliense.com.br\/servidor\/wp-json\/wp\/v2\/posts"}],"about":[{"href":"https:\/\/blogs.correiobraziliense.com.br\/servidor\/wp-json\/wp\/v2\/types\/post"}],"author":[{"embeddable":true,"href":"https:\/\/blogs.correiobraziliense.com.br\/servidor\/wp-json\/wp\/v2\/users\/27"}],"replies":[{"embeddable":true,"href":"https:\/\/blogs.correiobraziliense.com.br\/servidor\/wp-json\/wp\/v2\/comments?post=881"}],"version-history":[{"count":2,"href":"https:\/\/blogs.correiobraziliense.com.br\/servidor\/wp-json\/wp\/v2\/posts\/881\/revisions"}],"predecessor-version":[{"id":883,"href":"https:\/\/blogs.correiobraziliense.com.br\/servidor\/wp-json\/wp\/v2\/posts\/881\/revisions\/883"}],"wp:attachment":[{"href":"https:\/\/blogs.correiobraziliense.com.br\/servidor\/wp-json\/wp\/v2\/media?parent=881"}],"wp:term":[{"taxonomy":"category","embeddable":true,"href":"https:\/\/blogs.correiobraziliense.com.br\/servidor\/wp-json\/wp\/v2\/categories?post=881"},{"taxonomy":"post_tag","embeddable":true,"href":"https:\/\/blogs.correiobraziliense.com.br\/servidor\/wp-json\/wp\/v2\/tags?post=881"}],"curies":[{"name":"wp","href":"https:\/\/api.w.org\/{rel}","templated":true}]}}