{"id":8769,"date":"2018-04-11T16:26:55","date_gmt":"2018-04-11T19:26:55","guid":{"rendered":"https:\/\/blogs.correiobraziliense.com.br\/servidor\/?p=8769"},"modified":"2018-04-11T16:26:55","modified_gmt":"2018-04-11T19:26:55","slug":"auditores-protestam-em-santos-contra-turno-menor-e-lei-ignorada","status":"publish","type":"post","link":"https:\/\/blogs.correiobraziliense.com.br\/servidor\/auditores-protestam-em-santos-contra-turno-menor-e-lei-ignorada\/","title":{"rendered":"Auditores protestam em Santos contra turno menor e lei ignorada"},"content":{"rendered":"<p><em>Os auditores-fiscais do Porto de Santos fazem nesta quinta-feira (12) manifesta\u00e7\u00e3o para denunciar os danos provocados pela Portaria 310, da Receita Federal \u2013 que institui o turno de 12 horas trabalhadas por 36 de folga, e acaba com o servi\u00e7o noturno nas aduanas \u2013 e o n\u00e3o cumprimento da Lei 13.464 \u2013 que define os termos do acordo salarial, fechado em mar\u00e7o de 2016<\/em><\/p>\n<p>Na sexta-feira passada, uma comitiva de auditores foi recebida pelo secret\u00e1rio Jorge Rachid, quando foi protocolado manifesto avisando que, a partir de 7 de abril, a paralisa\u00e7\u00e3o da categoria seria total. \u201cOs auditores-fiscais desejam seguir cumprindo seu papel capital na retomada do crescimento e entendem que a desestabiliza\u00e7\u00e3o do \u00d3rg\u00e3o n\u00e3o atende aos interesses da sociedade brasileira. Assim, esperam que o governo se sensibilize e cumpra aquilo que foi acordado com a categoria\u201d, diz o documento.<\/p>\n<p>O presidente do Sindifisco Nacional, Cl\u00e1udio Damasceno, estar\u00e1 no ato de Santos. \u201cH\u00e1 tr\u00eas anos a Receita Federal anda de lado. Resolver a situa\u00e7\u00e3o deve ser a preocupa\u00e7\u00e3o n\u00famero um dos novos ministros\u201d, salientou, referindo-se aos rec\u00e9m-empossados titulares da Fazenda e do Planejamento, Eduardo Guardia e Esteves Colnago.<\/p>\n<p>Desde hoje cedo v\u00eam sendo realizados protestos nas aduanas de portos, aeroportos e zonas de fronteira. Afetam, sobretudo, o fluxo das importa\u00e7\u00f5es e exporta\u00e7\u00f5es.<\/p>\n<p>SERVI\u00c7O<br \/>\nO qu\u00ea? Protesto dos auditores-fiscais da Receita Federal.<br \/>\nQuando? Quinta-feira (12), a partir das 9h.<br \/>\nOnde? Aduana do Porto de Santos.<\/p>\n","protected":false},"excerpt":{"rendered":"<p>Os auditores-fiscais do Porto de Santos fazem nesta quinta-feira (12) manifesta\u00e7\u00e3o para denunciar os danos provocados pela Portaria 310, da Receita Federal \u2013 que institui o turno de 12 horas trabalhadas por 36 de folga, e acaba com o servi\u00e7o noturno nas aduanas \u2013 e o n\u00e3o cumprimento da Lei 13.464 \u2013 que define os termos do acordo salarial, fechado [&hellip;]<\/p>\n","protected":false},"author":27,"featured_media":0,"comment_status":"open","ping_status":"closed","sticky":false,"template":"","format":"standard","meta":{"footnotes":""},"categories":[2719],"tags":[112,9556,603,648,12053,1552,5132,2767,98,12050,5212,12052,623,810,141,33,11774,3610,2766,2222,294,12054,18,12051,351,4242,12049,3105],"class_list":["post-8769","post","type-post","status-publish","format-standard","hentry","category-servidor","tag-acordo","tag-aduanas","tag-aeroportos","tag-auditores-fiscais","tag-desestabilizacao","tag-exportacoes","tag-folga","tag-fronteiras","tag-governo","tag-horas-trabalhadas","tag-importacao","tag-lei-13-464","tag-manifesto","tag-ministerio-da-fazenda","tag-ministerio-do-planejamento","tag-ministros","tag-portaria-310","tag-porto-de-santos","tag-portos","tag-protestam","tag-receita-federal","tag-recem-esmpossados","tag-salarial","tag-servico-noturno","tag-sociedade","tag-titulares","tag-turno","tag-zonas"],"_links":{"self":[{"href":"https:\/\/blogs.correiobraziliense.com.br\/servidor\/wp-json\/wp\/v2\/posts\/8769","targetHints":{"allow":["GET"]}}],"collection":[{"href":"https:\/\/blogs.correiobraziliense.com.br\/servidor\/wp-json\/wp\/v2\/posts"}],"about":[{"href":"https:\/\/blogs.correiobraziliense.com.br\/servidor\/wp-json\/wp\/v2\/types\/post"}],"author":[{"embeddable":true,"href":"https:\/\/blogs.correiobraziliense.com.br\/servidor\/wp-json\/wp\/v2\/users\/27"}],"replies":[{"embeddable":true,"href":"https:\/\/blogs.correiobraziliense.com.br\/servidor\/wp-json\/wp\/v2\/comments?post=8769"}],"version-history":[{"count":1,"href":"https:\/\/blogs.correiobraziliense.com.br\/servidor\/wp-json\/wp\/v2\/posts\/8769\/revisions"}],"predecessor-version":[{"id":8770,"href":"https:\/\/blogs.correiobraziliense.com.br\/servidor\/wp-json\/wp\/v2\/posts\/8769\/revisions\/8770"}],"wp:attachment":[{"href":"https:\/\/blogs.correiobraziliense.com.br\/servidor\/wp-json\/wp\/v2\/media?parent=8769"}],"wp:term":[{"taxonomy":"category","embeddable":true,"href":"https:\/\/blogs.correiobraziliense.com.br\/servidor\/wp-json\/wp\/v2\/categories?post=8769"},{"taxonomy":"post_tag","embeddable":true,"href":"https:\/\/blogs.correiobraziliense.com.br\/servidor\/wp-json\/wp\/v2\/tags?post=8769"}],"curies":[{"name":"wp","href":"https:\/\/api.w.org\/{rel}","templated":true}]}}