{"id":8757,"date":"2018-04-11T07:00:19","date_gmt":"2018-04-11T10:00:19","guid":{"rendered":"https:\/\/blogs.correiobraziliense.com.br\/servidor\/?p=8757"},"modified":"2018-04-10T18:53:04","modified_gmt":"2018-04-10T21:53:04","slug":"batata-quente-no-colo-de-colnago-e-guardia","status":"publish","type":"post","link":"https:\/\/blogs.correiobraziliense.com.br\/servidor\/batata-quente-no-colo-de-colnago-e-guardia\/","title":{"rendered":"Batata quente no colo de Colnago e Guardia"},"content":{"rendered":"<p><em>Nos pr\u00f3ximos nove meses, Esteves Colnago e Eduardo Guardia v\u00e3o ter de conviver com fortes press\u00f5es de servidores por reajustes salariais e de benef\u00edcios. N\u00e3o vai ser f\u00e1cil conter a expans\u00e3o das despesas com o funcionalismo<\/em><\/p>\n<p>Mal sentou na cadeira, o novo ministro do Planejamento, Esteves Colnago, ter\u00e1 de assumir a heran\u00e7a deixada pelo antecessor, Dyogo Oliveira, que bateu p\u00e9 e n\u00e3o admitiu expans\u00e3o dos gastos do Tesouro com sal\u00e1rios. Com isso, a Receita Federal est\u00e1 praticamente parada. Os auditores fiscais &#8211; desde 2015 fazem diversas formas de protesto &#8211; entraram em greve no \u00faltimo domingo. Os analistas tribut\u00e1rios est\u00e3o em paralisa\u00e7\u00e3o de 72 horas (de ontem at\u00e9 o final de quinta-feira). As duas carreiras t\u00eam inten\u00e7\u00f5es claras: querem o imediato cumprimento do acordo salarial, assinado h\u00e1 tr\u00eas anos, e a regulamenta\u00e7\u00e3o do b\u00f4nus de efici\u00eancia (um extra nos sal\u00e1rios que esse ano chegar\u00e1 a R$ 4,5 e R$ 2,8 mil, respectivamente). Al\u00e9m disso, os servidores administrativos do Minist\u00e9rio da Fazenda tamb\u00e9m amea\u00e7am cruzar os bra\u00e7os ainda em abril.<\/p>\n<p>Se Esteves Colnago pensava que era s\u00f3 isso, est\u00e1 enganado. Enfrentar\u00e1 a guerra fratricida entre auditores da Receita e procuradores da Fazenda. Estes \u00faltimos, por um cochilo do governo durante a vota\u00e7\u00e3o do novo C\u00f3digo de Processo Civil (CPC), ganharam o direito a honor\u00e1rios de sucumb\u00eancia que inflam os subs\u00eddios em at\u00e9 R$ 6 mil mensais. Recebem quando ganham a causa. Mas, quando perdem, o \u00f4nus vai para a Uni\u00e3o. A briga teve v\u00e1rios rounds. No \u00faltimo, a Receita fez um dossi\u00ea para mostrar que o pessoal do Fisco e produtivo, ao contr\u00e1rio dos procuradores que t\u00eam \u201catua\u00e7\u00e3o pouco satisfat\u00f3ria e certa incapacidade t\u00e9cnica e operacional para a efetiva recupera\u00e7\u00e3o de cr\u00e9ditos tribut\u00e1rios\u201d.<\/p>\n<p>Colnago tamb\u00e9m \u2013 assim como seu colega da Fazenda, Eduardo Guardia, que substitui Henrique Meirelles &#8211; ter\u00e1, dizem analistas, poucos instrumentos para trancar o cofre e contribuir para o ajuste das contas p\u00fablicas. Porque a Medida Provis\u00f3ria (MP 805\/17) &#8211; suspendia os aumentos dos servidores federais e elevaria de 11% para 14% a contribui\u00e7\u00e3o previdenci\u00e1ria sobre sal\u00e1rios acima do teto do INSS &#8211; perdeu o prazo de validade no domingo. Caducou. O Congresso Nacional publicou na segunda-feira o Ato n\u00ba 19 confirmando o encerramento da vig\u00eancia. E a reforma da Previd\u00eancia (Proposta de Emenda \u00e0 Constitui\u00e7\u00e3o -PEC 287\/16) saiu de pauta, sem previs\u00e3o para ser retomada. J\u00e1 que, com a interven\u00e7\u00e3o federal no Rio de Janeiro, o Congresso n\u00e3o pode votar qualquer medida para emendar a Constitui\u00e7\u00e3o Federal.<\/p>\n<p>E ainda tem, \u00e9 bom lembrar, a press\u00e3o dos servidores do &#8220;carreir\u00e3o&#8221; &#8211; 80% do servi\u00e7o p\u00fablico federal &#8211; que fizeram acordo salarial por dois anos e querem equipara\u00e7\u00e3o com as carreiras de Estado.<\/p>\n","protected":false},"excerpt":{"rendered":"<p>Nos pr\u00f3ximos nove meses, Esteves Colnago e Eduardo Guardia v\u00e3o ter de conviver com fortes press\u00f5es de servidores por reajustes salariais e de benef\u00edcios. N\u00e3o vai ser f\u00e1cil conter a expans\u00e3o das despesas com o funcionalismo Mal sentou na cadeira, o novo ministro do Planejamento, Esteves Colnago, ter\u00e1 de assumir a heran\u00e7a deixada pelo antecessor, Dyogo Oliveira, que bateu p\u00e9 [&hellip;]<\/p>\n","protected":false},"author":27,"featured_media":0,"comment_status":"open","ping_status":"closed","sticky":false,"template":"","format":"standard","meta":{"footnotes":""},"categories":[2719],"tags":[1055,511,648,12030,852,1468,100,925,235,2109,12031,334,247,11937,11,810,141,10452,4830,1100,1235,690,294,9727,12032,1470,58,2799,330],"class_list":["post-8757","post","type-post","status-publish","format-standard","hentry","category-servidor","tag-administrativos","tag-analistas-tributarios","tag-auditores-fiscais","tag-batata-quente","tag-beneficios","tag-bonus-de-eficiencia","tag-congresso","tag-cpc","tag-despesas","tag-eduardo-guardia","tag-esteves-colnago","tag-expansao","tag-fisco","tag-honorarios-de-sucumbencia","tag-inss","tag-ministerio-da-fazenda","tag-ministerio-do-planejamento","tag-mp-80517","tag-pec-28716","tag-pressoes","tag-procuradores","tag-reajustes","tag-receita-federal","tag-reforma-da-previdencia","tag-resouro","tag-salariais","tag-servidores","tag-subsidios","tag-uniao"],"_links":{"self":[{"href":"https:\/\/blogs.correiobraziliense.com.br\/servidor\/wp-json\/wp\/v2\/posts\/8757","targetHints":{"allow":["GET"]}}],"collection":[{"href":"https:\/\/blogs.correiobraziliense.com.br\/servidor\/wp-json\/wp\/v2\/posts"}],"about":[{"href":"https:\/\/blogs.correiobraziliense.com.br\/servidor\/wp-json\/wp\/v2\/types\/post"}],"author":[{"embeddable":true,"href":"https:\/\/blogs.correiobraziliense.com.br\/servidor\/wp-json\/wp\/v2\/users\/27"}],"replies":[{"embeddable":true,"href":"https:\/\/blogs.correiobraziliense.com.br\/servidor\/wp-json\/wp\/v2\/comments?post=8757"}],"version-history":[{"count":2,"href":"https:\/\/blogs.correiobraziliense.com.br\/servidor\/wp-json\/wp\/v2\/posts\/8757\/revisions"}],"predecessor-version":[{"id":8759,"href":"https:\/\/blogs.correiobraziliense.com.br\/servidor\/wp-json\/wp\/v2\/posts\/8757\/revisions\/8759"}],"wp:attachment":[{"href":"https:\/\/blogs.correiobraziliense.com.br\/servidor\/wp-json\/wp\/v2\/media?parent=8757"}],"wp:term":[{"taxonomy":"category","embeddable":true,"href":"https:\/\/blogs.correiobraziliense.com.br\/servidor\/wp-json\/wp\/v2\/categories?post=8757"},{"taxonomy":"post_tag","embeddable":true,"href":"https:\/\/blogs.correiobraziliense.com.br\/servidor\/wp-json\/wp\/v2\/tags?post=8757"}],"curies":[{"name":"wp","href":"https:\/\/api.w.org\/{rel}","templated":true}]}}