{"id":8752,"date":"2018-04-10T12:30:31","date_gmt":"2018-04-10T15:30:31","guid":{"rendered":"https:\/\/blogs.correiobraziliense.com.br\/servidor\/?p=8752"},"modified":"2018-04-10T12:40:13","modified_gmt":"2018-04-10T15:40:13","slug":"trabalhadores-docentes-e-estudantes-em-ato-no-mec-contra-o-corte-orcamentario-e-demissoes-na-unb","status":"publish","type":"post","link":"https:\/\/blogs.correiobraziliense.com.br\/servidor\/trabalhadores-docentes-e-estudantes-em-ato-no-mec-contra-o-corte-orcamentario-e-demissoes-na-unb\/","title":{"rendered":"Trabalhadores, docentes e estudantes em ato no MEC contra o corte or\u00e7ament\u00e1rio e demiss\u00f5es na UnB"},"content":{"rendered":"<p><em>Desde as 10 horas da manh\u00e3, cerca de 2 mil pessoas iniciaram uma caminhada do Museu Nacional ao Minist\u00e9rio da Educa\u00e7\u00e3o (MEC). Por volta do meio-dia, houve um confronto entre a pol\u00edcia e os manifestantes. Uma comiss\u00e3o est\u00e1 agora em reuni\u00e3o com gestores do \u00f3rg\u00e3o<\/em><\/p>\n<p>De acordo com o coordenador geral da Federa\u00e7\u00e3o de Sindicatos de Trabalhadores de Universidades Brasileiras (Fasubra), Rog\u00e9rio Marzola, a universidade sofreu um corte or\u00e7ament\u00e1rio de 45% com a institui\u00e7\u00e3o do teto de gastos.<\/p>\n<p>A Fasubra Sindical junto aos trabalhadores t\u00e9cnico-administrativos em educa\u00e7\u00e3o, trabalhadores terceirizados, docentes e estudantes da Universidade de Bras\u00edlia (UnB) \u00e9 uma das respons\u00e1veis pelo ato nesta ter\u00e7a-feira, 10, \u00e0s 10h30 em frente ao Minist\u00e9rio da Educa\u00e7\u00e3o (MEC).<\/p>\n<p>O protesto da comunidade universit\u00e1ria \u00e9 contra o desmonte da Educa\u00e7\u00e3o, o corte or\u00e7ament\u00e1rio que inviabiliza o funcionamento da institui\u00e7\u00e3o e a demiss\u00e3o de centenas de trabalhadores terceirizados, informou a Fasubra.<\/p>\n<p>O ato tamb\u00e9m \u00e9 em defesa da autonomia universit\u00e1ria e em protesto \u00e0 Emenda Constitucional 95\/16, que congelou investimentos em pol\u00edticas p\u00fablicas, inclusive em educa\u00e7\u00e3o.<\/p>\n","protected":false},"excerpt":{"rendered":"<p>Desde as 10 horas da manh\u00e3, cerca de 2 mil pessoas iniciaram uma caminhada do Museu Nacional ao Minist\u00e9rio da Educa\u00e7\u00e3o (MEC). Por volta do meio-dia, houve um confronto entre a pol\u00edcia e os manifestantes. Uma comiss\u00e3o est\u00e1 agora em reuni\u00e3o com gestores do \u00f3rg\u00e3o De acordo com o coordenador geral da Federa\u00e7\u00e3o de Sindicatos de Trabalhadores de Universidades Brasileiras [&hellip;]<\/p>\n","protected":false},"author":27,"featured_media":0,"comment_status":"open","ping_status":"closed","sticky":false,"template":"","format":"standard","meta":{"footnotes":""},"categories":[2719],"tags":[21,2036,5977,258,606,1449,1163,9808,392,3213,4029,1090,19,420],"class_list":["post-8752","post","type-post","status-publish","format-standard","hentry","category-servidor","tag-ato","tag-caminhada","tag-confronto","tag-corte","tag-demissoes","tag-docentes","tag-estudantes","tag-fasubra","tag-mec","tag-orcamentario","tag-tecnico-administrativos","tag-terceirizados","tag-trabalhadores","tag-unb"],"_links":{"self":[{"href":"https:\/\/blogs.correiobraziliense.com.br\/servidor\/wp-json\/wp\/v2\/posts\/8752","targetHints":{"allow":["GET"]}}],"collection":[{"href":"https:\/\/blogs.correiobraziliense.com.br\/servidor\/wp-json\/wp\/v2\/posts"}],"about":[{"href":"https:\/\/blogs.correiobraziliense.com.br\/servidor\/wp-json\/wp\/v2\/types\/post"}],"author":[{"embeddable":true,"href":"https:\/\/blogs.correiobraziliense.com.br\/servidor\/wp-json\/wp\/v2\/users\/27"}],"replies":[{"embeddable":true,"href":"https:\/\/blogs.correiobraziliense.com.br\/servidor\/wp-json\/wp\/v2\/comments?post=8752"}],"version-history":[{"count":2,"href":"https:\/\/blogs.correiobraziliense.com.br\/servidor\/wp-json\/wp\/v2\/posts\/8752\/revisions"}],"predecessor-version":[{"id":8754,"href":"https:\/\/blogs.correiobraziliense.com.br\/servidor\/wp-json\/wp\/v2\/posts\/8752\/revisions\/8754"}],"wp:attachment":[{"href":"https:\/\/blogs.correiobraziliense.com.br\/servidor\/wp-json\/wp\/v2\/media?parent=8752"}],"wp:term":[{"taxonomy":"category","embeddable":true,"href":"https:\/\/blogs.correiobraziliense.com.br\/servidor\/wp-json\/wp\/v2\/categories?post=8752"},{"taxonomy":"post_tag","embeddable":true,"href":"https:\/\/blogs.correiobraziliense.com.br\/servidor\/wp-json\/wp\/v2\/tags?post=8752"}],"curies":[{"name":"wp","href":"https:\/\/api.w.org\/{rel}","templated":true}]}}