{"id":8744,"date":"2018-04-06T20:26:22","date_gmt":"2018-04-06T23:26:22","guid":{"rendered":"https:\/\/blogs.correiobraziliense.com.br\/servidor\/?p=8744"},"modified":"2018-04-06T20:26:22","modified_gmt":"2018-04-06T23:26:22","slug":"servidores-adminsitrativos-do-ministerio-da-fazenda-ameacam-cruzar-os-bracos","status":"publish","type":"post","link":"https:\/\/blogs.correiobraziliense.com.br\/servidor\/servidores-adminsitrativos-do-ministerio-da-fazenda-ameacam-cruzar-os-bracos\/","title":{"rendered":"Servidores administrativos do MInist\u00e9rio da Fazenda amea\u00e7am cruzar os bra\u00e7os"},"content":{"rendered":"<p>Os servidores do Plano Especial de Cargos do Minist\u00e9rio da Fazenda (PecFaz), em assembleia geral nacional (AGN), em 28 de mar\u00e7o, aprovaram indicativo de greve. A paralisa\u00e7\u00e3o dever\u00e1 come\u00e7ar ainda no m\u00eas de abril. O motivo \u00e9 a falta de compromisso do governo com a categoria, segundo o Sindicato Nacional dos Servidores Administrativos do Minist\u00e9rio da Fazenda (Sindifazenda)<\/p>\n<p>\u201cApesar das in\u00fameras tentativas do Sindifazenda, o Minist\u00e9rio do Planejamento, Desenvolvimento e Gest\u00e3o (MPDG), n\u00e3o cumpriu as Cl\u00e1usulas 4\u00aa, \u00a05\u00aa e 7\u00aa do Termo de Acordo n\u00ba 13\/2015\u201d, informou o presidente do sindicato, Luis Roberto da Silva.<\/p>\n<p>O descontentamento \u00e9 pelo n\u00e3o cumprimento do\u00a0 Termo de Acordo n\u00ba 13\/2015, que previa reajuste salarial em 2016 e em 2017 e um grupo de trabalho, a partir de mar\u00e7o de 2017, para tratar da reestrutura\u00e7\u00e3o remunerat\u00f3ria do Pecfaz.<\/p>\n<p>\u201cPor n\u00e3o ter cumprido o acordo assinado com o Sindifazenda, o MPDG discrimina os servidores Pecpfaz ao n\u00e3o abrir rodada de negocia\u00e7\u00e3o para que tenhamos o mesmo tratamento dado a outras categorias do servi\u00e7o p\u00fablico que est\u00e3o recebendo reajustes nos anos de 2018 e 2019. Essa discrimina\u00e7\u00e3o aprofunda ainda mais o fosso existente entre as diversas categorias\u201d, enfatizou Roberto.<\/p>\n<p>Com atua\u00e7\u00e3o em praticamente toda estrutura dos \u00f3rg\u00e3os do Minist\u00e9rio da Fazenda, em especial na Receita Federal do Brasil (RFB), uma paralisa\u00e7\u00e3o dos servidores do Pecfaz poder\u00e1 prejudicar o atendimento \u00e0 popula\u00e7\u00e3o, principalmente neste per\u00edodo de entrega de declara\u00e7\u00e3o do Imposto de Renda. \u201cN\u00e3o \u00e9 o que desejamos, pois temos compromisso com a sociedade, mas o governo n\u00e3o nos deixou outra sa\u00edda&#8221;, lamenta o presidente do Sindifazenda.<\/p>\n","protected":false},"excerpt":{"rendered":"<p>Os servidores do Plano Especial de Cargos do Minist\u00e9rio da Fazenda (PecFaz), em assembleia geral nacional (AGN), em 28 de mar\u00e7o, aprovaram indicativo de greve. A paralisa\u00e7\u00e3o dever\u00e1 come\u00e7ar ainda no m\u00eas de abril. O motivo \u00e9 a falta de compromisso do governo com a categoria, segundo o Sindicato Nacional dos Servidores Administrativos do Minist\u00e9rio da Fazenda (Sindifazenda) \u201cApesar das [&hellip;]<\/p>\n","protected":false},"author":27,"featured_media":0,"comment_status":"open","ping_status":"closed","sticky":false,"template":"","format":"standard","meta":{"footnotes":""},"categories":[2719],"tags":[1055,12015,803,881,2860,98,15,3309,810,12016,12017,506,3822,8300,1376,1559,58,3824,261],"class_list":["post-8744","post","type-post","status-publish","format-standard","hentry","category-servidor","tag-administrativos","tag-agn","tag-categorias","tag-compromisso","tag-discriminacao","tag-governo","tag-greve","tag-grupo","tag-ministerio-da-fazenda","tag-mpdb","tag-negociaco","tag-paralisacao","tag-pecfaz","tag-reajsutes","tag-reestruturacao","tag-remuneratoria","tag-servidores","tag-sindifazenda","tag-trabalho"],"_links":{"self":[{"href":"https:\/\/blogs.correiobraziliense.com.br\/servidor\/wp-json\/wp\/v2\/posts\/8744","targetHints":{"allow":["GET"]}}],"collection":[{"href":"https:\/\/blogs.correiobraziliense.com.br\/servidor\/wp-json\/wp\/v2\/posts"}],"about":[{"href":"https:\/\/blogs.correiobraziliense.com.br\/servidor\/wp-json\/wp\/v2\/types\/post"}],"author":[{"embeddable":true,"href":"https:\/\/blogs.correiobraziliense.com.br\/servidor\/wp-json\/wp\/v2\/users\/27"}],"replies":[{"embeddable":true,"href":"https:\/\/blogs.correiobraziliense.com.br\/servidor\/wp-json\/wp\/v2\/comments?post=8744"}],"version-history":[{"count":1,"href":"https:\/\/blogs.correiobraziliense.com.br\/servidor\/wp-json\/wp\/v2\/posts\/8744\/revisions"}],"predecessor-version":[{"id":8745,"href":"https:\/\/blogs.correiobraziliense.com.br\/servidor\/wp-json\/wp\/v2\/posts\/8744\/revisions\/8745"}],"wp:attachment":[{"href":"https:\/\/blogs.correiobraziliense.com.br\/servidor\/wp-json\/wp\/v2\/media?parent=8744"}],"wp:term":[{"taxonomy":"category","embeddable":true,"href":"https:\/\/blogs.correiobraziliense.com.br\/servidor\/wp-json\/wp\/v2\/categories?post=8744"},{"taxonomy":"post_tag","embeddable":true,"href":"https:\/\/blogs.correiobraziliense.com.br\/servidor\/wp-json\/wp\/v2\/tags?post=8744"}],"curies":[{"name":"wp","href":"https:\/\/api.w.org\/{rel}","templated":true}]}}