{"id":8742,"date":"2018-04-06T16:32:11","date_gmt":"2018-04-06T19:32:11","guid":{"rendered":"https:\/\/blogs.correiobraziliense.com.br\/servidor\/?p=8742"},"modified":"2018-04-06T16:32:11","modified_gmt":"2018-04-06T19:32:11","slug":"conselho-nacional-do-trabalho-retoma-discussao-sobre-tabela-de-categorias","status":"publish","type":"post","link":"https:\/\/blogs.correiobraziliense.com.br\/servidor\/conselho-nacional-do-trabalho-retoma-discussao-sobre-tabela-de-categorias\/","title":{"rendered":"Conselho Nacional do Trabalho retoma discuss\u00e3o sobre tabela de categorias"},"content":{"rendered":"<p>Foram criados, para isso, dois grupos bipartites \u2013 um dos trabalhadores e outro dos empregadores, com a participa\u00e7\u00e3o do Minist\u00e9rio do Trabalho em ambos<\/p>\n<p>O Conselho Nacional do Trabalho (CNT) decidiu retomar a discuss\u00e3o referente \u00e0 tabela de categorias, incluindo os trabalhadores rurais, durante a sua 6\u00aa Reuni\u00e3o, nesta quarta-feira (4), em Bras\u00edlia. Com esse objetivo, foram criados dois grupos bipartites, dos quais participar\u00e3o representantes sindicais dos trabalhadores, dos empregadores e o Minist\u00e9rio do Trabalho.<\/p>\n<p>O conselho pretende codificar e organizar as categorias profissionais. Os grupos tamb\u00e9m ir\u00e3o deliberar sobre o desmembramento e a dissocia\u00e7\u00e3o das categorias, de forma que estas possam especificar e delimitar sua representatividade sindical e respectiva abrang\u00eancia territorial.<\/p>\n<p>De acordo com o ministro do Trabalho interino, Helton Yomura, a divis\u00e3o em grupos para discutir o assunto \u00e9 uma solu\u00e7\u00e3o inteligente. &#8220;Ser\u00e1 mais eficaz para que a bancadas representativas consigam apresentar sugest\u00f5es e avan\u00e7ar nos debates&#8221;, pondera o ministro, que preside o CNT.<\/p>\n<p>&nbsp;<\/p>\n<p>O CNT tamb\u00e9m avan\u00e7ou no sentido de harmonizar normas e procedimentos para a concess\u00e3o de registros sindicais. Segundo o secret\u00e1rio-adjunto da Secretaria de Rela\u00e7\u00f5es do Trabalho (SRT) do Minist\u00e9rio do Trabalho, Luis Carlos Barbosa, harmonizar as normas \u00e9 de extrema import\u00e2ncia para \u201ca seguran\u00e7a jur\u00eddica e a transpar\u00eancia das decis\u00f5es\u201d.<\/p>\n<p>&nbsp;<\/p>\n","protected":false},"excerpt":{"rendered":"<p>Foram criados, para isso, dois grupos bipartites \u2013 um dos trabalhadores e outro dos empregadores, com a participa\u00e7\u00e3o do Minist\u00e9rio do Trabalho em ambos O Conselho Nacional do Trabalho (CNT) decidiu retomar a discuss\u00e3o referente \u00e0 tabela de categorias, incluindo os trabalhadores rurais, durante a sua 6\u00aa Reuni\u00e3o, nesta quarta-feira (4), em Bras\u00edlia. Com esse objetivo, foram criados dois grupos [&hellip;]<\/p>\n","protected":false},"author":27,"featured_media":0,"comment_status":"open","ping_status":"closed","sticky":false,"template":"","format":"standard","meta":{"footnotes":""},"categories":[2719],"tags":[12013,12012,803,6276,9060,12011,2745,5204,2841,1075,535,1260,354,12014,19],"class_list":["post-8742","post","type-post","status-publish","format-standard","hentry","category-servidor","tag-abrangencia","tag-bipartites","tag-categorias","tag-cnt","tag-conselho-nacional-do-trabalho","tag-dicussao","tag-empregadores","tag-grupos","tag-ministerio-do-trabalho","tag-profissionais","tag-representatividade","tag-sindicais","tag-tabela","tag-territorial","tag-trabalhadores"],"_links":{"self":[{"href":"https:\/\/blogs.correiobraziliense.com.br\/servidor\/wp-json\/wp\/v2\/posts\/8742","targetHints":{"allow":["GET"]}}],"collection":[{"href":"https:\/\/blogs.correiobraziliense.com.br\/servidor\/wp-json\/wp\/v2\/posts"}],"about":[{"href":"https:\/\/blogs.correiobraziliense.com.br\/servidor\/wp-json\/wp\/v2\/types\/post"}],"author":[{"embeddable":true,"href":"https:\/\/blogs.correiobraziliense.com.br\/servidor\/wp-json\/wp\/v2\/users\/27"}],"replies":[{"embeddable":true,"href":"https:\/\/blogs.correiobraziliense.com.br\/servidor\/wp-json\/wp\/v2\/comments?post=8742"}],"version-history":[{"count":1,"href":"https:\/\/blogs.correiobraziliense.com.br\/servidor\/wp-json\/wp\/v2\/posts\/8742\/revisions"}],"predecessor-version":[{"id":8743,"href":"https:\/\/blogs.correiobraziliense.com.br\/servidor\/wp-json\/wp\/v2\/posts\/8742\/revisions\/8743"}],"wp:attachment":[{"href":"https:\/\/blogs.correiobraziliense.com.br\/servidor\/wp-json\/wp\/v2\/media?parent=8742"}],"wp:term":[{"taxonomy":"category","embeddable":true,"href":"https:\/\/blogs.correiobraziliense.com.br\/servidor\/wp-json\/wp\/v2\/categories?post=8742"},{"taxonomy":"post_tag","embeddable":true,"href":"https:\/\/blogs.correiobraziliense.com.br\/servidor\/wp-json\/wp\/v2\/tags?post=8742"}],"curies":[{"name":"wp","href":"https:\/\/api.w.org\/{rel}","templated":true}]}}