{"id":8740,"date":"2018-04-06T15:45:34","date_gmt":"2018-04-06T18:45:34","guid":{"rendered":"https:\/\/blogs.correiobraziliense.com.br\/servidor\/?p=8740"},"modified":"2018-04-06T15:45:34","modified_gmt":"2018-04-06T18:45:34","slug":"anauni-quer-que-cargo-de-consultor-juridico-seja-ocupado-por-servidor-da-agu","status":"publish","type":"post","link":"https:\/\/blogs.correiobraziliense.com.br\/servidor\/anauni-quer-que-cargo-de-consultor-juridico-seja-ocupado-por-servidor-da-agu\/","title":{"rendered":"Anauni quer que cargo de consultor jur\u00eddico seja ocupado por servidor da AGU"},"content":{"rendered":"<p>A Associa\u00e7\u00e3o Nacional dos Advogados da Uni\u00e3o Anauni), em of\u00edcio ao novo ministro da Sa\u00fade, Gilberto Occhi, recomendou que o cargo de consultor jur\u00eddico da pasta seja ocupado por um dos quadros de carreira da\u00a0 Advocacia-Geral da Uni\u00e3o (AGU), atualmente com cerca de 1,8 mil profissionais ativos<\/p>\n<p>No documento, a entidade externou sua preocupa\u00e7\u00e3o pelo fato de o \u00faltimo consultor jur\u00eddico Daniel Romaniuk Pinheiro Lima, cuja exonera\u00e7\u00e3o foi publicada hoje no Di\u00e1rio Oficial da Uni\u00e3o (D.O.U.), ter sido uma indica\u00e7\u00e3o pol\u00edtica de quadros estranhos \u00e0 AGU, com poder para elaborar teses jur\u00eddicas contra o interesse do Estado e a favor de grupos econ\u00f4micos de press\u00e3o.<\/p>\n<p>A entidade lembra que as consultorias jur\u00eddicas junto aos minist\u00e9rios e as assessorias jur\u00eddicas junto \u00e0s secretarias da Presid\u00eancia da Rep\u00fablica, al\u00e9m de \u00f3rg\u00e3os de execu\u00e7\u00e3o da AGU, tamb\u00e9m constituem unidades de lota\u00e7\u00e3o da carreira de advogado da Uni\u00e3o.<\/p>\n","protected":false},"excerpt":{"rendered":"<p>A Associa\u00e7\u00e3o Nacional dos Advogados da Uni\u00e3o Anauni), em of\u00edcio ao novo ministro da Sa\u00fade, Gilberto Occhi, recomendou que o cargo de consultor jur\u00eddico da pasta seja ocupado por um dos quadros de carreira da\u00a0 Advocacia-Geral da Uni\u00e3o (AGU), atualmente com cerca de 1,8 mil profissionais ativos No documento, a entidade externou sua preocupa\u00e7\u00e3o pelo fato de o \u00faltimo consultor [&hellip;]<\/p>\n","protected":false},"author":27,"featured_media":0,"comment_status":"open","ping_status":"closed","sticky":false,"template":"","format":"standard","meta":{"footnotes":""},"categories":[2719],"tags":[157,186,865,300,188,12008,1769,7312,12010,5204,2165,6309,12009,1415,2212,8],"class_list":["post-8740","post","type-post","status-publish","format-standard","hentry","category-servidor","tag-agu","tag-anauni","tag-ativos","tag-cargo","tag-carreira","tag-consultor-juridico","tag-dou","tag-economicos","tag-estdo","tag-grupos","tag-indicacao","tag-lotacao","tag-ocupado","tag-politica","tag-pressao","tag-servidor"],"_links":{"self":[{"href":"https:\/\/blogs.correiobraziliense.com.br\/servidor\/wp-json\/wp\/v2\/posts\/8740","targetHints":{"allow":["GET"]}}],"collection":[{"href":"https:\/\/blogs.correiobraziliense.com.br\/servidor\/wp-json\/wp\/v2\/posts"}],"about":[{"href":"https:\/\/blogs.correiobraziliense.com.br\/servidor\/wp-json\/wp\/v2\/types\/post"}],"author":[{"embeddable":true,"href":"https:\/\/blogs.correiobraziliense.com.br\/servidor\/wp-json\/wp\/v2\/users\/27"}],"replies":[{"embeddable":true,"href":"https:\/\/blogs.correiobraziliense.com.br\/servidor\/wp-json\/wp\/v2\/comments?post=8740"}],"version-history":[{"count":1,"href":"https:\/\/blogs.correiobraziliense.com.br\/servidor\/wp-json\/wp\/v2\/posts\/8740\/revisions"}],"predecessor-version":[{"id":8741,"href":"https:\/\/blogs.correiobraziliense.com.br\/servidor\/wp-json\/wp\/v2\/posts\/8740\/revisions\/8741"}],"wp:attachment":[{"href":"https:\/\/blogs.correiobraziliense.com.br\/servidor\/wp-json\/wp\/v2\/media?parent=8740"}],"wp:term":[{"taxonomy":"category","embeddable":true,"href":"https:\/\/blogs.correiobraziliense.com.br\/servidor\/wp-json\/wp\/v2\/categories?post=8740"},{"taxonomy":"post_tag","embeddable":true,"href":"https:\/\/blogs.correiobraziliense.com.br\/servidor\/wp-json\/wp\/v2\/tags?post=8740"}],"curies":[{"name":"wp","href":"https:\/\/api.w.org\/{rel}","templated":true}]}}