{"id":8712,"date":"2018-04-04T13:51:03","date_gmt":"2018-04-04T16:51:03","guid":{"rendered":"https:\/\/blogs.correiobraziliense.com.br\/servidor\/?p=8712"},"modified":"2018-04-04T13:51:03","modified_gmt":"2018-04-04T16:51:03","slug":"fenapef-defende-prisao-apos-julgamento-em-segunda-instancia","status":"publish","type":"post","link":"https:\/\/blogs.correiobraziliense.com.br\/servidor\/fenapef-defende-prisao-apos-julgamento-em-segunda-instancia\/","title":{"rendered":"Fenapef defende pris\u00e3o ap\u00f3s julgamento em segunda inst\u00e2ncia"},"content":{"rendered":"<p><em>A Federa\u00e7\u00e3o Nacional dos Policiais Federais (Fenapef) enviou, ontem, of\u00edcio \u00e0 presidente do Supremo Tribunal Federal (STF), ministra C\u00e1rmen L\u00facia, demonstrando &#8220;grande expectativa em torno do julgamento&#8221; que acontecer\u00e1 hoje<\/em><\/p>\n<p>De acordo com a Fenapef, &#8220;\u00e9 not\u00f3rio que grande parte do material probat\u00f3rio que comp\u00f5e os processos judiciais contra investigados em caso de corrup\u00e7\u00e3o, decorrentes da Opera\u00e7\u00e3o Lava Jato, partiram das investiga\u00e7\u00f5es de campo, das intercepta\u00e7\u00f5es telem\u00e1ticas, das entrevistas e documentos apreendidos e analisados em relat\u00f3rios cient\u00edficos pelos policiais federais&#8221;.<\/p>\n<p>&nbsp;<\/p>\n<p>&nbsp;<\/p>\n","protected":false},"excerpt":{"rendered":"<p>A Federa\u00e7\u00e3o Nacional dos Policiais Federais (Fenapef) enviou, ontem, of\u00edcio \u00e0 presidente do Supremo Tribunal Federal (STF), ministra C\u00e1rmen L\u00facia, demonstrando &#8220;grande expectativa em torno do julgamento&#8221; que acontecer\u00e1 hoje De acordo com a Fenapef, &#8220;\u00e9 not\u00f3rio que grande parte do material probat\u00f3rio que comp\u00f5e os processos judiciais contra investigados em caso de corrup\u00e7\u00e3o, decorrentes da Opera\u00e7\u00e3o Lava Jato, partiram [&hellip;]<\/p>\n","protected":false},"author":27,"featured_media":0,"comment_status":"open","ping_status":"closed","sticky":false,"template":"","format":"standard","meta":{"footnotes":""},"categories":[2719],"tags":[6841,107,5982,1949,1407,110,1038,836,34],"class_list":["post-8712","post","type-post","status-publish","format-standard","hentry","category-servidor","tag-expectativa","tag-fenapef","tag-instancia","tag-julgamento","tag-operacao-lava-jato","tag-policiais","tag-prisao","tag-segunda","tag-stf"],"_links":{"self":[{"href":"https:\/\/blogs.correiobraziliense.com.br\/servidor\/wp-json\/wp\/v2\/posts\/8712","targetHints":{"allow":["GET"]}}],"collection":[{"href":"https:\/\/blogs.correiobraziliense.com.br\/servidor\/wp-json\/wp\/v2\/posts"}],"about":[{"href":"https:\/\/blogs.correiobraziliense.com.br\/servidor\/wp-json\/wp\/v2\/types\/post"}],"author":[{"embeddable":true,"href":"https:\/\/blogs.correiobraziliense.com.br\/servidor\/wp-json\/wp\/v2\/users\/27"}],"replies":[{"embeddable":true,"href":"https:\/\/blogs.correiobraziliense.com.br\/servidor\/wp-json\/wp\/v2\/comments?post=8712"}],"version-history":[{"count":1,"href":"https:\/\/blogs.correiobraziliense.com.br\/servidor\/wp-json\/wp\/v2\/posts\/8712\/revisions"}],"predecessor-version":[{"id":8713,"href":"https:\/\/blogs.correiobraziliense.com.br\/servidor\/wp-json\/wp\/v2\/posts\/8712\/revisions\/8713"}],"wp:attachment":[{"href":"https:\/\/blogs.correiobraziliense.com.br\/servidor\/wp-json\/wp\/v2\/media?parent=8712"}],"wp:term":[{"taxonomy":"category","embeddable":true,"href":"https:\/\/blogs.correiobraziliense.com.br\/servidor\/wp-json\/wp\/v2\/categories?post=8712"},{"taxonomy":"post_tag","embeddable":true,"href":"https:\/\/blogs.correiobraziliense.com.br\/servidor\/wp-json\/wp\/v2\/tags?post=8712"}],"curies":[{"name":"wp","href":"https:\/\/api.w.org\/{rel}","templated":true}]}}