{"id":8701,"date":"2018-04-03T12:39:11","date_gmt":"2018-04-03T15:39:11","guid":{"rendered":"https:\/\/blogs.correiobraziliense.com.br\/servidor\/?p=8701"},"modified":"2018-04-03T12:39:11","modified_gmt":"2018-04-03T15:39:11","slug":"delegados-da-pf-sao-contra-mudanca-da-atual-jurisprudencia-do-stf-de-prisao-em-segunda-instancia","status":"publish","type":"post","link":"https:\/\/blogs.correiobraziliense.com.br\/servidor\/delegados-da-pf-sao-contra-mudanca-da-atual-jurisprudencia-do-stf-de-prisao-em-segunda-instancia\/","title":{"rendered":"Delegados da PF s\u00e3o contra a mudan\u00e7a da atual jurisprud\u00eancia do STF de pris\u00e3o em segunda inst\u00e2ncia"},"content":{"rendered":"<p><em>Veja a manifesta\u00e7\u00e3o oficial da Associa\u00e7\u00e3o dos Delegados da Pol\u00edcia Federal (ADPF) sobre o julgamento no Supremo Tribunal Federal (STF) que vai decidir sobre a pris\u00e3o a partir da condena\u00e7\u00e3o em segunda inst\u00e2ncia<\/em><\/p>\n<p>&#8220;Em face do julgamento nesta quarta-feira, 4, pelo Supremo Tribunal Federal (STF) que pode rever a pris\u00e3o ap\u00f3s condena\u00e7\u00e3o em segunda inst\u00e2ncia, a Associa\u00e7\u00e3o Nacional dos Delegados de Pol\u00edcia Federal (ADPF) se manifesta favoravelmente \u00e0 preserva\u00e7\u00e3o da jurisprud\u00eancia da Suprema Corte no que se refere \u00e0 possibilidade de execu\u00e7\u00e3o da pena a partir da condena\u00e7\u00e3o em segunda inst\u00e2ncia.<\/p>\n<p>Desde a Constitui\u00e7\u00e3o de 1988 at\u00e9 2009, prevaleceu no Supremo a jurisprud\u00eancia com o entendimento de que a pris\u00e3o ap\u00f3s a condena\u00e7\u00e3o em segunda inst\u00e2ncia n\u00e3o afrontava preceitos constitucionais. A mudan\u00e7a veio em 2009, em paralelo ao julgamento da A\u00e7\u00e3o Penal 470, conhecida como \u201cMensal\u00e3o\u201d. A volta ao entendimento inicial se deu em meados de 2016, ap\u00f3s elevado aumento dos \u00edndices de viol\u00eancia urbana e descoberta do maior esquema de corrup\u00e7\u00e3o da hist\u00f3ria brasileira at\u00e9 ent\u00e3o.<\/p>\n<p>Portanto, causa preocupa\u00e7\u00e3o aos delegados de Pol\u00edcia Federal que, menos de dois anos ap\u00f3s a volta ao entendimento inicial, uma mat\u00e9ria de tamanha relev\u00e2ncia seja novamente discutida pela Suprema Corte. Entendemos que \u00e9 preciso avan\u00e7ar e ir al\u00e9m da investiga\u00e7\u00e3o. \u00c9 necess\u00e1rio punir com rigor os autores de delitos relacionados \u00e0 corrup\u00e7\u00e3o, para resgate da efetividade e credibilidade do sistema criminal. Para isso, \u00e9 fundamental que seja mantida a posi\u00e7\u00e3o atual do Supremo.<\/p>\n<p>A pris\u00e3o ap\u00f3s julgamento em segundo grau n\u00e3o ofende o princ\u00edpio da n\u00e3o-culpabilidade. Pelo contr\u00e1rio, ela d\u00e1 concretude \u00e0 dimens\u00e3o material do princ\u00edpio da isonomia e revela respeito ao predicado republicano do Estado Democr\u00e1tico de Direito, uma vez que a protela\u00e7\u00e3o da efetiva aplica\u00e7\u00e3o da lei penal e a utiliza\u00e7\u00e3o de infind\u00e1veis recursos s\u00e3o prerrogativas quase que exclusivas daqueles que det\u00eam o poder econ\u00f4mico e pol\u00edtico.<\/p>\n<p>Assim, espera-se que os onze ministros incumbidos da guarda dos valores constitucionais tenham a sensibilidade de entender que muito al\u00e9m de uma mera quest\u00e3o de interpreta\u00e7\u00e3o do Direito, o tema em discuss\u00e3o na Suprema Corte tem como pano de fundo uma op\u00e7\u00e3o de pol\u00edtica criminal: que pode ser um modelo de persecu\u00e7\u00e3o criminal s\u00e9rio, eficiente e igualit\u00e1rio, caso o entendimento atual seja mantido; ou um sistema de justi\u00e7a penal ineficiente, injusto e seletivo, se a pris\u00e3o ap\u00f3s a condena\u00e7\u00e3o em segundo grau for revista.<\/p>\n<p>Associa\u00e7\u00e3o Nacional dos Delegados de Pol\u00edcia Federal \u2013 ADPF&#8221;<\/p>\n","protected":false},"excerpt":{"rendered":"<p>Veja a manifesta\u00e7\u00e3o oficial da Associa\u00e7\u00e3o dos Delegados da Pol\u00edcia Federal (ADPF) sobre o julgamento no Supremo Tribunal Federal (STF) que vai decidir sobre a pris\u00e3o a partir da condena\u00e7\u00e3o em segunda inst\u00e2ncia &#8220;Em face do julgamento nesta quarta-feira, 4, pelo Supremo Tribunal Federal (STF) que pode rever a pris\u00e3o ap\u00f3s condena\u00e7\u00e3o em segunda inst\u00e2ncia, a Associa\u00e7\u00e3o Nacional dos Delegados [&hellip;]<\/p>\n","protected":false},"author":27,"featured_media":0,"comment_status":"open","ping_status":"closed","sticky":false,"template":"","format":"standard","meta":{"footnotes":""},"categories":[2719],"tags":[348,3321,2584,205,2352,2737,232,10794,2596,1749,66,5982,722,2254,3717,7412,91,3695,319,2216,104,1427,1309,5835,316,6705,836,961,11969,5677,4427],"class_list":["post-8701","post","type-post","status-publish","format-standard","hentry","category-servidor","tag-adpf","tag-condenacao","tag-constituicao","tag-corrupcao","tag-credibilidade","tag-criminal","tag-delegados","tag-delitos","tag-economico","tag-esquema","tag-execucao","tag-instancia","tag-investigacao","tag-isonomia","tag-jurisprudencia","tag-mensalao","tag-mudanca","tag-pena","tag-pf","tag-poder","tag-policia-federal","tag-politico","tag-prerrogativas","tag-preservacao","tag-recursos","tag-rigor","tag-segunda","tag-sistema","tag-stf-prisao","tag-urbana","tag-violencia"],"_links":{"self":[{"href":"https:\/\/blogs.correiobraziliense.com.br\/servidor\/wp-json\/wp\/v2\/posts\/8701","targetHints":{"allow":["GET"]}}],"collection":[{"href":"https:\/\/blogs.correiobraziliense.com.br\/servidor\/wp-json\/wp\/v2\/posts"}],"about":[{"href":"https:\/\/blogs.correiobraziliense.com.br\/servidor\/wp-json\/wp\/v2\/types\/post"}],"author":[{"embeddable":true,"href":"https:\/\/blogs.correiobraziliense.com.br\/servidor\/wp-json\/wp\/v2\/users\/27"}],"replies":[{"embeddable":true,"href":"https:\/\/blogs.correiobraziliense.com.br\/servidor\/wp-json\/wp\/v2\/comments?post=8701"}],"version-history":[{"count":1,"href":"https:\/\/blogs.correiobraziliense.com.br\/servidor\/wp-json\/wp\/v2\/posts\/8701\/revisions"}],"predecessor-version":[{"id":8702,"href":"https:\/\/blogs.correiobraziliense.com.br\/servidor\/wp-json\/wp\/v2\/posts\/8701\/revisions\/8702"}],"wp:attachment":[{"href":"https:\/\/blogs.correiobraziliense.com.br\/servidor\/wp-json\/wp\/v2\/media?parent=8701"}],"wp:term":[{"taxonomy":"category","embeddable":true,"href":"https:\/\/blogs.correiobraziliense.com.br\/servidor\/wp-json\/wp\/v2\/categories?post=8701"},{"taxonomy":"post_tag","embeddable":true,"href":"https:\/\/blogs.correiobraziliense.com.br\/servidor\/wp-json\/wp\/v2\/tags?post=8701"}],"curies":[{"name":"wp","href":"https:\/\/api.w.org\/{rel}","templated":true}]}}