{"id":8692,"date":"2018-04-02T23:52:15","date_gmt":"2018-04-03T02:52:15","guid":{"rendered":"https:\/\/blogs.correiobraziliense.com.br\/servidor\/?p=8692"},"modified":"2018-04-02T23:56:05","modified_gmt":"2018-04-03T02:56:05","slug":"gdf-abre-concurso-para-120-de-auditor-fiscal","status":"publish","type":"post","link":"https:\/\/blogs.correiobraziliense.com.br\/servidor\/gdf-abre-concurso-para-120-de-auditor-fiscal\/","title":{"rendered":"GDF abre concurso para 120 vagas de auditor fiscal"},"content":{"rendered":"<blockquote><p>O edital ser\u00e1 publicado no Di\u00e1rio Oficial do GIF desta ter\u00e7a-feira, informou o secret\u00e1rio de Fazenda Wilson de Paula. Ser\u00e3o 40 vagas imediatas e 80 para cadastro de reserva. O sal\u00e1rio inicial \u00e9 de R$ 15 mil.<\/p><\/blockquote>\n","protected":false},"excerpt":{"rendered":"<p>O edital ser\u00e1 publicado no Di\u00e1rio Oficial do GIF desta ter\u00e7a-feira, informou o secret\u00e1rio de Fazenda Wilson de Paula. Ser\u00e3o 40 vagas imediatas e 80 para cadastro de reserva. O sal\u00e1rio inicial \u00e9 de R$ 15 mil.<\/p>\n","protected":false},"author":27,"featured_media":0,"comment_status":"open","ping_status":"closed","sticky":false,"template":"","format":"standard","meta":{"footnotes":""},"categories":[2719],"tags":[],"class_list":["post-8692","post","type-post","status-publish","format-standard","hentry","category-servidor"],"_links":{"self":[{"href":"https:\/\/blogs.correiobraziliense.com.br\/servidor\/wp-json\/wp\/v2\/posts\/8692","targetHints":{"allow":["GET"]}}],"collection":[{"href":"https:\/\/blogs.correiobraziliense.com.br\/servidor\/wp-json\/wp\/v2\/posts"}],"about":[{"href":"https:\/\/blogs.correiobraziliense.com.br\/servidor\/wp-json\/wp\/v2\/types\/post"}],"author":[{"embeddable":true,"href":"https:\/\/blogs.correiobraziliense.com.br\/servidor\/wp-json\/wp\/v2\/users\/27"}],"replies":[{"embeddable":true,"href":"https:\/\/blogs.correiobraziliense.com.br\/servidor\/wp-json\/wp\/v2\/comments?post=8692"}],"version-history":[{"count":2,"href":"https:\/\/blogs.correiobraziliense.com.br\/servidor\/wp-json\/wp\/v2\/posts\/8692\/revisions"}],"predecessor-version":[{"id":8695,"href":"https:\/\/blogs.correiobraziliense.com.br\/servidor\/wp-json\/wp\/v2\/posts\/8692\/revisions\/8695"}],"wp:attachment":[{"href":"https:\/\/blogs.correiobraziliense.com.br\/servidor\/wp-json\/wp\/v2\/media?parent=8692"}],"wp:term":[{"taxonomy":"category","embeddable":true,"href":"https:\/\/blogs.correiobraziliense.com.br\/servidor\/wp-json\/wp\/v2\/categories?post=8692"},{"taxonomy":"post_tag","embeddable":true,"href":"https:\/\/blogs.correiobraziliense.com.br\/servidor\/wp-json\/wp\/v2\/tags?post=8692"}],"curies":[{"name":"wp","href":"https:\/\/api.w.org\/{rel}","templated":true}]}}