{"id":8690,"date":"2018-04-02T19:04:17","date_gmt":"2018-04-02T22:04:17","guid":{"rendered":"https:\/\/blogs.correiobraziliense.com.br\/servidor\/?p=8690"},"modified":"2018-04-02T19:04:17","modified_gmt":"2018-04-02T22:04:17","slug":"na-pauta-do-congresso-amanha-negociacao-coletiva-do-servidor","status":"publish","type":"post","link":"https:\/\/blogs.correiobraziliense.com.br\/servidor\/na-pauta-do-congresso-amanha-negociacao-coletiva-do-servidor\/","title":{"rendered":"Na pauta do Congresso amanh\u00e3 negocia\u00e7\u00e3o coletiva do servidor"},"content":{"rendered":"<p><em>S\u00e3o 16 vetos na pauta da sess\u00e3o do Congresso. O primeiro item da pauta \u00e9 o PLS 397\/15 (PL 3.831\/15 na C\u00e2mara) \u00e9 a proposta que permite regulamentar a negocia\u00e7\u00e3o coletiva no servi\u00e7o p\u00fablico das tr\u00eas esferas (Uni\u00e3o, estados e munic\u00edpios). Atualmente, a negocia\u00e7\u00e3o coletiva n\u00e3o \u00e9 pr\u00e1tica corrente no servi\u00e7o p\u00fablico. O Executivo federal tem canais permanentes de negocia\u00e7\u00e3o, mas sem previs\u00e3o legal<\/em><\/p>\n<p>O projeto, do senador Antonio Anastasia (PSDB-MG), foi aprovado no Senado, conclusivamente, pela Comiss\u00e3o Especial do Desenvolvimento Nacional, em 11 de novembro de 2015. Na C\u00e2mara, o texto foi chancelado pelas comiss\u00f5es de Trabalho; e de Constitui\u00e7\u00e3o e Justi\u00e7a, conclusivamente.<\/p>\n<p><strong>Conte\u00fado do projeto<\/strong><br \/>\nEm s\u00edntese, o projeto determina que a Uni\u00e3o, os estados e munic\u00edpios estar\u00e3o obrigados a prover todos os meios necess\u00e1rios para a plena efetiva\u00e7\u00e3o do processo de negocia\u00e7\u00e3o coletiva, tornando-a um mecanismo permanente de preven\u00e7\u00e3o e solu\u00e7\u00e3o de conflitos.<\/p>\n<p>Prev\u00ea ainda que as negocia\u00e7\u00f5es poder\u00e3o ser feitas por meio de mesas, conselhos, comiss\u00e3o ou grupo de trabalho, em que representantes sindicais dos servidores e do ente estatal ter\u00e3o participa\u00e7\u00e3o parit\u00e1ria.<\/p>\n<p>Tamb\u00e9m estabelece que os servidores e empregados p\u00fablicos poder\u00e3o, por meio da negocia\u00e7\u00e3o coletiva mediada por sindicatos, tratar com representantes do Estado quest\u00f5es relativas a planos de carreira, padr\u00f5es remunerat\u00f3rios, condi\u00e7\u00f5es de trabalho, aposentadoria, planos de sa\u00fade e pol\u00edtica de recursos humanos, entre outras.<\/p>\n","protected":false},"excerpt":{"rendered":"<p>S\u00e3o 16 vetos na pauta da sess\u00e3o do Congresso. O primeiro item da pauta \u00e9 o PLS 397\/15 (PL 3.831\/15 na C\u00e2mara) \u00e9 a proposta que permite regulamentar a negocia\u00e7\u00e3o coletiva no servi\u00e7o p\u00fablico das tr\u00eas esferas (Uni\u00e3o, estados e munic\u00edpios). Atualmente, a negocia\u00e7\u00e3o coletiva n\u00e3o \u00e9 pr\u00e1tica corrente no servi\u00e7o p\u00fablico. O Executivo federal tem canais permanentes de negocia\u00e7\u00e3o, [&hellip;]<\/p>\n","protected":false},"author":27,"featured_media":0,"comment_status":"open","ping_status":"closed","sticky":false,"template":"","format":"standard","meta":{"footnotes":""},"categories":[2719],"tags":[677,6,188,680,100,943,9,944,42,17,953,11965,54,241,1620,616,212,8,3801,330,3063],"class_list":["post-8690","post","type-post","status-publish","format-standard","hentry","category-servidor","tag-amanha","tag-aposentadoria","tag-carreira","tag-coletiva","tag-congresso","tag-estados","tag-executivo","tag-municipios","tag-negociacao","tag-pauta","tag-planos","tag-pls-39715","tag-proposta","tag-publico","tag-remuneracao","tag-saude","tag-servico","tag-servidor","tag-sindicatos","tag-uniao","tag-vetos"],"_links":{"self":[{"href":"https:\/\/blogs.correiobraziliense.com.br\/servidor\/wp-json\/wp\/v2\/posts\/8690","targetHints":{"allow":["GET"]}}],"collection":[{"href":"https:\/\/blogs.correiobraziliense.com.br\/servidor\/wp-json\/wp\/v2\/posts"}],"about":[{"href":"https:\/\/blogs.correiobraziliense.com.br\/servidor\/wp-json\/wp\/v2\/types\/post"}],"author":[{"embeddable":true,"href":"https:\/\/blogs.correiobraziliense.com.br\/servidor\/wp-json\/wp\/v2\/users\/27"}],"replies":[{"embeddable":true,"href":"https:\/\/blogs.correiobraziliense.com.br\/servidor\/wp-json\/wp\/v2\/comments?post=8690"}],"version-history":[{"count":1,"href":"https:\/\/blogs.correiobraziliense.com.br\/servidor\/wp-json\/wp\/v2\/posts\/8690\/revisions"}],"predecessor-version":[{"id":8691,"href":"https:\/\/blogs.correiobraziliense.com.br\/servidor\/wp-json\/wp\/v2\/posts\/8690\/revisions\/8691"}],"wp:attachment":[{"href":"https:\/\/blogs.correiobraziliense.com.br\/servidor\/wp-json\/wp\/v2\/media?parent=8690"}],"wp:term":[{"taxonomy":"category","embeddable":true,"href":"https:\/\/blogs.correiobraziliense.com.br\/servidor\/wp-json\/wp\/v2\/categories?post=8690"},{"taxonomy":"post_tag","embeddable":true,"href":"https:\/\/blogs.correiobraziliense.com.br\/servidor\/wp-json\/wp\/v2\/tags?post=8690"}],"curies":[{"name":"wp","href":"https:\/\/api.w.org\/{rel}","templated":true}]}}