{"id":869,"date":"2016-01-29T14:56:11","date_gmt":"2016-01-29T16:56:11","guid":{"rendered":"https:\/\/blogs.correiobraziliense.com.br\/servidor\/?p=869"},"modified":"2016-01-29T15:00:48","modified_gmt":"2016-01-29T17:00:48","slug":"auditores-do-carf-insatisfeitos-com-rumos-dados-pelo-governo-a-campanha-salarial","status":"publish","type":"post","link":"https:\/\/blogs.correiobraziliense.com.br\/servidor\/auditores-do-carf-insatisfeitos-com-rumos-dados-pelo-governo-a-campanha-salarial\/","title":{"rendered":"AUDITORES DO CARF INSATISFEITOS COM RUMOS DADOS PELO GOVERNO \u00c0 CAMPANHA SALARIAL"},"content":{"rendered":"<p><span style=\"font-family: Calibri\">O Sindicato Nacional dos Auditores Fiscais da Receita Federal (Sindifisco), por meio de nota, informou que o presidente do\u00a0Conselho Administrativo de Recursos Fiscais (Carf), Carlos Alberto Barreto, recebeu manifesto dos colegass conselheiros e especialistas no Carf. O documento\u00a0salienta a insatisfa\u00e7\u00e3o com o tratamento do governo federal na negocia\u00e7\u00e3o das pautas da campanha salarial da categoria \u2013 que se arrasta desde julho passado.<\/span><\/p>\n<p>O texto n\u00e3o apenas destaca o compromisso dos auditores na luta pela valoriza\u00e7\u00e3o do cargo, como tamb\u00e9m critica duramente o tratamento dos interlocutores do Pal\u00e1cio do Planalto dispensado aos auditores. E classifica como inaceit\u00e1vel a falta de apoio da pr\u00f3pria Receita Federal nas negocia\u00e7\u00f5es.<\/p>\n<p>\u201cN\u00e3o h\u00e1 justi\u00e7a social se n\u00e3o houver um s\u00f3lido alicerce na categoria de auditores fiscais forte e institucionalmente independente, capaz de tutelar a higidez do er\u00e1rio da Uni\u00e3o e da seguran\u00e7a aduaneira\u201d, diz trecho do documento.<\/p>\n<p>Como presidente de um organismo da estrutura do Minist\u00e9rio da Fazenda, Barreto \u2013 que foi secret\u00e1rio da Receita Federal \u2013 se comprometeu a levar o manifesto ao ministro Nelson Barbosa. O ministro Valdir Sim\u00e3o (Planejamento) e o secret\u00e1rio da Receita, Jorge Rachid, tamb\u00e9m o receber\u00e3o, destacou a nota.<\/p>\n<p>O Sindifisco Nacional\u00a0 ressaltou que apoia a iniciativa dos auditores do Carf. E considera que o manifesto refor\u00e7a a mobiliza\u00e7\u00e3o da categoria, \u00e0 espera da formaliza\u00e7\u00e3o da proposta do governo \u2013 que deveria ter sido feita ter\u00e7a-feira passada.<\/p>\n<p><strong>Reivindica\u00e7\u00f5es<\/strong> &#8211; O manifesto faz men\u00e7\u00e3o ao compromisso de toda a classe que vem lutando h\u00e1 meses pela valoriza\u00e7\u00e3o do cargo. Um dos trechos critica duramente as tratativas do governo com os auditores e lembra da falta de apoio da administra\u00e7\u00e3o nas negocia\u00e7\u00f5es, o que \u00e9 considerado inaceit\u00e1vel pela categoria, que espera tratamento ison\u00f4mico \u00e0quele dispensado a outras carreiras t\u00edpicas de Estado.<\/p>\n<p>O texto cita ainda que \u201cn\u00e3o h\u00e1 justi\u00e7a social se n\u00e3o houver um s\u00f3lido alicerce na categoria de auditores fiscais forte e institucionalmente independente, capaz de tutelar a higidez do er\u00e1rio da Uni\u00e3o e da seguran\u00e7a aduaneira\u201d.<\/p>\n","protected":false},"excerpt":{"rendered":"<p>O Sindicato Nacional dos Auditores Fiscais da Receita Federal (Sindifisco), por meio de nota, informou que o presidente do\u00a0Conselho Administrativo de Recursos Fiscais (Carf), Carlos Alberto Barreto, recebeu manifesto dos colegass conselheiros e especialistas no Carf. O documento\u00a0salienta a insatisfa\u00e7\u00e3o com o tratamento do governo federal na negocia\u00e7\u00e3o das pautas da campanha salarial da categoria \u2013 que se arrasta desde [&hellip;]<\/p>\n","protected":false},"author":27,"featured_media":0,"comment_status":"open","ping_status":"closed","sticky":false,"template":"","format":"standard","meta":{"footnotes":""},"categories":[1],"tags":[31,596,538,98,594,294,595,597],"class_list":["post-869","post","type-post","status-publish","format-standard","hentry","category-sem-categoria","tag-auditores","tag-campanha-salarial","tag-carf","tag-governo","tag-insatisfeitos","tag-receita-federal","tag-rumos","tag-sindifisco"],"_links":{"self":[{"href":"https:\/\/blogs.correiobraziliense.com.br\/servidor\/wp-json\/wp\/v2\/posts\/869","targetHints":{"allow":["GET"]}}],"collection":[{"href":"https:\/\/blogs.correiobraziliense.com.br\/servidor\/wp-json\/wp\/v2\/posts"}],"about":[{"href":"https:\/\/blogs.correiobraziliense.com.br\/servidor\/wp-json\/wp\/v2\/types\/post"}],"author":[{"embeddable":true,"href":"https:\/\/blogs.correiobraziliense.com.br\/servidor\/wp-json\/wp\/v2\/users\/27"}],"replies":[{"embeddable":true,"href":"https:\/\/blogs.correiobraziliense.com.br\/servidor\/wp-json\/wp\/v2\/comments?post=869"}],"version-history":[{"count":3,"href":"https:\/\/blogs.correiobraziliense.com.br\/servidor\/wp-json\/wp\/v2\/posts\/869\/revisions"}],"predecessor-version":[{"id":872,"href":"https:\/\/blogs.correiobraziliense.com.br\/servidor\/wp-json\/wp\/v2\/posts\/869\/revisions\/872"}],"wp:attachment":[{"href":"https:\/\/blogs.correiobraziliense.com.br\/servidor\/wp-json\/wp\/v2\/media?parent=869"}],"wp:term":[{"taxonomy":"category","embeddable":true,"href":"https:\/\/blogs.correiobraziliense.com.br\/servidor\/wp-json\/wp\/v2\/categories?post=869"},{"taxonomy":"post_tag","embeddable":true,"href":"https:\/\/blogs.correiobraziliense.com.br\/servidor\/wp-json\/wp\/v2\/tags?post=869"}],"curies":[{"name":"wp","href":"https:\/\/api.w.org\/{rel}","templated":true}]}}