{"id":8681,"date":"2018-04-01T18:24:07","date_gmt":"2018-04-01T21:24:07","guid":{"rendered":"https:\/\/blogs.correiobraziliense.com.br\/servidor\/?p=8681"},"modified":"2018-04-01T18:24:07","modified_gmt":"2018-04-01T21:24:07","slug":"cnasi-pressiona-governo-por-reestruturacao-de-carreiras-no-incra","status":"publish","type":"post","link":"https:\/\/blogs.correiobraziliense.com.br\/servidor\/cnasi-pressiona-governo-por-reestruturacao-de-carreiras-no-incra\/","title":{"rendered":"Cnasi pressiona governo por reestrutura\u00e7\u00e3o de carreiras no Incra"},"content":{"rendered":"<p class=\"normalCxSpMiddle\"><em>Servidores amea\u00e7am com greve caso a reivindica\u00e7\u00e3o n\u00e3o seja atendida.&#8221;Sem a paralisa\u00e7\u00e3o das nossas atividades qualquer luta pela reestrutura\u00e7\u00e3o fica invi\u00e1vel no atual contexto&#8221;. Est\u00e1 marcada nova reuni\u00e3o para 5 de abril de 2018, \u00e0s 14h30, no Minist\u00e9rio do Planejamento.&#8221;E desde j\u00e1 avaliamos como extremamente necess\u00e1ria a\u00a0 constru\u00e7\u00e3o de paralisa\u00e7\u00e3o nacional das atividades no dia 5 de abril, data da pr\u00f3xima reuni\u00e3o no Minist\u00e9rio do Planejamento&#8221;, refor\u00e7a a entidade sindical.<\/em><\/p>\n<p class=\"normalCxSpMiddle\">A Confedera\u00e7\u00e3o Nacional das Associa\u00e7\u00f5es de Servidores do Instituto Nacional de Reforma Agr\u00e1ria (Cnasi-AN) convidou o Sindicato Nacional dos Peritos Federais Agr\u00e1rios (SindPFA) para participar da reuni\u00e3o, como forma de tratar unificadamente as reivindica\u00e7\u00f5es, antecipando o agendamento dos peritos, que era para\u00a0 20 de abril.\u00a0 O SindPFA aceitou de pronto participar<\/p>\n<p class=\"normalCxSpMiddle\">Desde 2016, com a conclus\u00e3o do GT de Carreira, que a Confedera\u00e7\u00e3o Nacional das Associa\u00e7\u00f5es de Servidores do Instituto Nacional de Reforma Agr\u00e1ria (Cnasi-AN) protocola of\u00edcios e se re\u00fane com o governo (mais explicitamente com presid\u00eancia do Incra, Minist\u00e9rio do Planejamento e Casa Civil) para apresentar a proposta, debater a necessidade de reestrutura\u00e7\u00e3o eficiente das carreiras e buscar alternativas para atender as reivindica\u00e7\u00f5es dos servidores.<\/p>\n<p class=\"normalCxSpMiddle\">Em todas as reuni\u00f5es as <a href=\"http:\/\/www.cnasi.org.br\/images\/Documentos_2018\/SindPFA_materia_reuniao_mar2018.pdf\">representa\u00e7\u00f5es dos servidores fizeram defesa da reestrutura\u00e7\u00e3o<\/a> das carreiras, como etapa essencial para que o Incra consiga realizar com efici\u00eancia sua miss\u00e3o institucional de democratiza\u00e7\u00e3o de acesso \u00e0 terra, do ordenamento da estrutura fundi\u00e1ria e cadastro no Brasil. O documento b\u00e1sico entregue em todas essas reuni\u00f5es foi uma <a href=\"http:\/\/www.cnasi.org.br\/images\/Documentos_2017\/PROPOSTA_MEDIDA_PROVIS%C3%93RIA_CARREIRAS_INCRA_MAR%C3%87O_2017_final.pdf\">minuta de Medida Provis\u00f3ria<\/a>, confeccionada h\u00e1 cerca de um ano, tendo por base o <a href=\"http:\/\/www.cnasi.org.br\/index.php?option=com_content&amp;view=article&amp;id=694:relatorio-final-de-gt-de-carreira-do-incra-propoe-criacao-de-gratificacao-de-qualificacao-e-melhoria-nos-padroes-remunerativos&amp;catid=38:slider&amp;Itemid=18\">Relat\u00f3rio Final do GT de Carreira, de 2016<\/a>.<\/p>\n<p class=\"normalCxSpMiddle\">Durante as \u00faltimas semanas de mar\u00e7o de 2018, as entidades nacionais representativas dos servidores do Incra, Cnasi-AN e SindPFA, acompanhadas das regionais Assincra\/RO, Assincra\/RJ e Assera\/BR fizeram uma s\u00e9rie de reuni\u00f5es com lideran\u00e7as pol\u00edticas, parlamentares e representantes do governo federal em Bras\u00edlia\/DF, para pressionar pela reestrutura\u00e7\u00e3o de carreiras dos servidores do Incra. O esfor\u00e7o concentrado nesse per\u00edodo justificou-se pela redu\u00e7\u00e3o de prazos para este tipo de demanda em face da legisla\u00e7\u00e3o eleitoral.<\/p>\n<p class=\"normalCxSpMiddle\">A s\u00e9rie de atividades das tr\u00eas semanas foi finalizada no dia 29\/3, com uma reuni\u00e3o da Cnasi-AN com Minist\u00e9rio do Planejamento. Representantes do Planejamento, segundo informou a Confedera\u00e7\u00e3o, afirmaram que ir\u00e3o analisar a pauta de reivindica\u00e7\u00f5es. &#8220;Em resposta preliminar, como j\u00e1 era esperado, argumentaram que o momento econ\u00f4mico e financeiro do pa\u00eds n\u00e3o \u00e9 dos melhores, apesar das expectativas dos analistas do governo apontarem para evolu\u00e7\u00e3o da economia. Enfim, o mesmo discurso de sempre, que encobre a realidade que esta por tr\u00e1s &#8211; n\u00e3o h\u00e1 recursos para atendimento dos trabalhadores, pois a prioridade \u00e9 atender as demandas do capital industrial, financeiro e agr\u00e1rio&#8221;, informou em nota, a Cnasi.<\/p>\n<p class=\"normalCxSpMiddle\">&#8220;A diretoria da Cnasi-AN est\u00e1 \u00e0 inteira disposi\u00e7\u00e3o das associa\u00e7\u00f5es e servidores para passar orienta\u00e7\u00e3o,\u00a0 envio de documentos, etc. E desde j\u00e1 avaliamos como extremamente necess\u00e1ria a constru\u00e7\u00e3o de PARALISA\u00c7\u00c3O NACIONAL das atividades no dia 5\/4, data da pr\u00f3xima reuni\u00e3o no Minist\u00e9rio do Planejamento&#8221;, conclui a confedera\u00e7\u00e3o.<\/p>\n<p class=\"normalCxSpMiddle\"><strong>Hist\u00f3rico<\/strong><\/p>\n<p class=\"normalCxSpMiddle\">Ap\u00f3s o impeachment, em 2016, houve um \u201cnovo direcionamento\u201d das atividades do Incra para fomentar a titula\u00e7\u00e3o, em detrimento da outras pol\u00edticas do \u00f3rg\u00e3o, que j\u00e1 estavam esvaziadas &#8211; a exemplo da cria\u00e7\u00e3o e desenvolvimento de assentamentos, Cadastro e Regulariza\u00e7\u00e3o Fundi\u00e1ria &#8211; contou a Cnasi. Apesar de o governo fazer in\u00fameros discursos favor\u00e1veis ao fortalecimento do \u00f3rg\u00e3o com este \u201cnovo direcionamento\u201d na pr\u00e1tica se v\u00ea um \u201cmais do mesmo\u201d, pois o or\u00e7amento \u00e9 um dos mais baixos da hist\u00f3ria, a infraestrutura do Incra piora a cada dia, a sobrecarga de trabalho s\u00f3 aumenta em face da n\u00e3o reposi\u00e7\u00e3o da forca de trabalho e das aposentadorias, o ass\u00e9dio moral institucional para o cumprimento de metas tem provocado a piora das condi\u00e7\u00f5es de trabalho e de sa\u00fade dos trabalhadores. Al\u00e9m disso, tem se aprofundado autoritarismo das chefias, a car\u00eancia de material de trabalho, o sucateamento da assist\u00eancia \u00e0 sa\u00fade, a corros\u00e3o do poder de compra dos sal\u00e1rios &#8211; principalmente com o aumento do valor de contribui\u00e7\u00e3o para Geap. &#8220;E para piorar, nenhum sinal de reestrutura\u00e7\u00e3o de carreiras&#8221;, refor\u00e7ou.<\/p>\n<p class=\"normalCxSpMiddle\">&#8220;Apesar de todo esfor\u00e7o oficial e protocolar da Cnasi-AN na luta pela reestrutura\u00e7\u00e3o das carreiras, a avalia\u00e7\u00e3o da Diretoria Nacional da Cnasi-AN \u00e9 de que absolutamente nada vir\u00e1 sem mobiliza\u00e7\u00e3o real das bases. Nunca se conseguiu sequer os p\u00edfios reajustes ocorridos sem a efetiva mobiliza\u00e7\u00e3o dos trabalhadores. A conjuntura econ\u00f4mica e pol\u00edtica n\u00e3o nos permite afirmar de que h\u00e1 um sinal do governo para tratar a pauta de reivindica\u00e7\u00f5es dos servidores do Incra diferentemente de como vem sendo tratada a pauta das demais categorias da classe trabalhadora. Recep\u00e7\u00e3o de documentos e propostas em reuni\u00f5es de Gabinete faz parte do jogo de cena do Estado e seus agentes, principalmente em ano de elei\u00e7\u00e3o. Portanto, a pequena possibilidade de tal efetiva\u00e7\u00e3o est\u00e1 diretamente ligada \u00e0 amplia\u00e7\u00e3o do n\u00edvel de participa\u00e7\u00e3o e mobiliza\u00e7\u00e3o dos servidores. Apenas com a base mobilizada em torno desta pauta \u00e9 que ela pode adquirir alguma possibilidade de ser efetivamente discutida e aplicada pelo governo. Assim, em resumo, a reestrutura\u00e7\u00e3o de carreira s\u00f3 vai ser aplicada se os trabalhadores se mobilizarem e paralisarem suas atividades, pois a legisla\u00e7\u00e3o eleitoral pro\u00edbe decis\u00f5es que tenham impacto financeiro at\u00e9 tr\u00eas meses antes e tr\u00eas depois da elei\u00e7\u00e3o&#8221;, destaca a Cnasi.<\/p>\n<p class=\"normalCxSpMiddle\">Desta forma, Cnasi-AN orienta que servidores e associa\u00e7\u00f5es intensifiquem imediatamente a press\u00e3o pol\u00edtico-parlamentar para apoio da proposta de reestrutura\u00e7\u00e3o de carreiras, com realiza\u00e7\u00e3o de assembleias para tratar o tema, paralisa\u00e7\u00f5es nos locais de trabalho, elei\u00e7\u00e3o de comiss\u00e3o de organiza\u00e7\u00e3o das a\u00e7\u00f5es locais e de representantes para participar de atividades em Bras\u00edlia, entre outras. &#8220;Obter apoio formal pol\u00edtico-parlamentar por meio de of\u00edcio \u00e9 essencial neste momento, mas sem a paralisa\u00e7\u00e3o das nossas atividades qualquer luta pela reestrutura\u00e7\u00e3o fica invi\u00e1vel no atual contexto&#8221;.<\/p>\n<p>E desde j\u00e1 avaliamos como extremamente necess\u00e1ria a a constru\u00e7\u00e3o de PARALISA\u00c7\u00c3O NACIONAL das atividades no dia 5\/4, data da pr\u00f3xima reuni\u00e3o no Minist\u00e9rio do Planejamento.<\/p>\n","protected":false},"excerpt":{"rendered":"<p>Servidores amea\u00e7am com greve caso a reivindica\u00e7\u00e3o n\u00e3o seja atendida.&#8221;Sem a paralisa\u00e7\u00e3o das nossas atividades qualquer luta pela reestrutura\u00e7\u00e3o fica invi\u00e1vel no atual contexto&#8221;. Est\u00e1 marcada nova reuni\u00e3o para 5 de abril de 2018, \u00e0s 14h30, no Minist\u00e9rio do Planejamento.&#8221;E desde j\u00e1 avaliamos como extremamente necess\u00e1ria a\u00a0 constru\u00e7\u00e3o de paralisa\u00e7\u00e3o nacional das atividades no dia 5 de abril, data da [&hellip;]<\/p>\n","protected":false},"author":27,"featured_media":0,"comment_status":"open","ping_status":"closed","sticky":false,"template":"","format":"standard","meta":{"footnotes":""},"categories":[2719],"tags":[2100,463,55,766,2868,5290,106,98,15,2863,1256,141,268,706,11953,3064,54,1376,22,58,1170],"class_list":["post-8681","post","type-post","status-publish","format-standard","hentry","category-servidor","tag-alternativas","tag-atividades","tag-carreiras","tag-casa-civil","tag-cnasi","tag-contexto","tag-eleicao","tag-governo","tag-greve","tag-incra","tag-liderancas","tag-ministerio-do-planejamento","tag-parlamentares","tag-politicas","tag-pralisacao","tag-pressiona","tag-proposta","tag-reestruturacao","tag-reivindicacao","tag-servidores","tag-sindpfa"],"_links":{"self":[{"href":"https:\/\/blogs.correiobraziliense.com.br\/servidor\/wp-json\/wp\/v2\/posts\/8681","targetHints":{"allow":["GET"]}}],"collection":[{"href":"https:\/\/blogs.correiobraziliense.com.br\/servidor\/wp-json\/wp\/v2\/posts"}],"about":[{"href":"https:\/\/blogs.correiobraziliense.com.br\/servidor\/wp-json\/wp\/v2\/types\/post"}],"author":[{"embeddable":true,"href":"https:\/\/blogs.correiobraziliense.com.br\/servidor\/wp-json\/wp\/v2\/users\/27"}],"replies":[{"embeddable":true,"href":"https:\/\/blogs.correiobraziliense.com.br\/servidor\/wp-json\/wp\/v2\/comments?post=8681"}],"version-history":[{"count":1,"href":"https:\/\/blogs.correiobraziliense.com.br\/servidor\/wp-json\/wp\/v2\/posts\/8681\/revisions"}],"predecessor-version":[{"id":8682,"href":"https:\/\/blogs.correiobraziliense.com.br\/servidor\/wp-json\/wp\/v2\/posts\/8681\/revisions\/8682"}],"wp:attachment":[{"href":"https:\/\/blogs.correiobraziliense.com.br\/servidor\/wp-json\/wp\/v2\/media?parent=8681"}],"wp:term":[{"taxonomy":"category","embeddable":true,"href":"https:\/\/blogs.correiobraziliense.com.br\/servidor\/wp-json\/wp\/v2\/categories?post=8681"},{"taxonomy":"post_tag","embeddable":true,"href":"https:\/\/blogs.correiobraziliense.com.br\/servidor\/wp-json\/wp\/v2\/tags?post=8681"}],"curies":[{"name":"wp","href":"https:\/\/api.w.org\/{rel}","templated":true}]}}