{"id":8658,"date":"2018-03-28T13:39:41","date_gmt":"2018-03-28T16:39:41","guid":{"rendered":"https:\/\/blogs.correiobraziliense.com.br\/servidor\/?p=8658"},"modified":"2018-03-28T13:39:41","modified_gmt":"2018-03-28T16:39:41","slug":"justica-determina-que-facebook-retire-do-ar-fake-news-contra-marielle-e-revele-dados-de-caluniadores","status":"publish","type":"post","link":"https:\/\/blogs.correiobraziliense.com.br\/servidor\/justica-determina-que-facebook-retire-do-ar-fake-news-contra-marielle-e-revele-dados-de-caluniadores\/","title":{"rendered":"Justi\u00e7a determina que Facebook retire do ar fake news contra Marielle e revele dados de caluniadores"},"content":{"rendered":"<p><em><span style=\"color: #000000\">Em decis\u00e3o hist\u00f3rica, a Justi\u00e7a do Rio<span id=\"OBJ_PREFIX_DWT803_com_zimbra_date\" class=\"Object\"> de Janeiro<\/span> acatou na \u00edntegra a a\u00e7\u00e3o movida por Anielle Silva e M\u00f4nica Ben\u00edcio, respectivamente irm\u00e3 e companheira de Marielle Franco, contra o Facebook pela propaga\u00e7\u00e3o de not\u00edcias falsas contra a vereadora do PSOL, executada no \u00faltimo dia 14.<\/span><\/em><\/p>\n<p><span style=\"color: #000000\">A a\u00e7\u00e3o foi movida por meio do escrit\u00f3rio EJS Advogadas e o juiz respons\u00e1vel \u00e9 Jorge Jansen Counago Novelle, da 15\u00aa Vara C\u00edvel do Tribunal de Justi\u00e7a do estado. Na decis\u00e3o, com sete pontos, o Facebook fica obrigado a:<\/span><\/p>\n<p><span style=\"color: #000000\">1. Retirar do ar, em at\u00e9 24 horas, todas as publica\u00e7\u00f5es apontadas na inicial, excluindo publica\u00e7\u00f5es que ofendam a intimidade, honra e a imagem de Marielle Franco;<\/span><\/p>\n<p><span style=\"color: #000000\">2. Se abster de publicar ou republicar documentos ou novos posts id\u00eanticas as j\u00e1 apontadas;<\/span><\/p>\n<p><span style=\"color: #000000\">3. Utilizar todos os meios, equipamentos, pessoas e recursos necess\u00e1rios para filtrar e coibir outros posts, publica\u00e7\u00f5es e imagens do mesmo teor;<\/span><\/p>\n<p><span style=\"color: #000000\">4. Informar os perfis e pessoas que publicaram ofensas \u00e0 mem\u00f3ria de Marielle, ainda que seus autores j\u00e1 tenham apagado a publica\u00e7\u00e3o, pois o Facebook tem a obriga\u00e7\u00e3o de manter essas informa\u00e7\u00f5es em seu banco de dados;<\/span><\/p>\n<p><span style=\"color: #000000\">5. Informe se os perfis de Luciano Ayan, Luciano Henrique Ayan e do Movimento Brasil Livre (MBL) patrocinaram os posts que impulsionaram a onda de fake news;<\/span><\/p>\n<p><span style=\"color: #000000\">6. Identifique se os perfis apontados na inicial s\u00e3o certificados ou s\u00e3o falsos, e se forem falsos, que sejam exclu\u00eddos;<\/span><\/p>\n<p><span style=\"color: #000000\">7. Informar os IPs e usu\u00e1rios que postaram publica\u00e7\u00f5es criminosas, para que as autoras venham a acion\u00e1-los e responsabiliz\u00e1-los civil e criminalmente.<\/span><\/p>\n<p><span style=\"color: #000000\">Os alvos da a\u00e7\u00e3o apresentada \u00e0 Justi\u00e7a foram sete memes que foram exaustivamente republicados na rede social, bem como nove p\u00e1ginas\u00a0p\u00fablicas que compartilharam as publica\u00e7\u00f5es atentat\u00f3rias \u00e0 honra, dignidade e mem\u00f3ria de Mairelle Franco. S\u00e3o elas: Operacionais, Direita J\u00e1 \u2013 Bolsonaro 2018, Endireitando a Verdade, Olavo de Carvalho, Contraponto, Bolsonaro Opressor 2.0, Anti-PT e Movimento Curitiba Contra Corrup\u00e7\u00e3o.<\/span><\/p>\n<p><span style=\"color: #000000\">V\u00e1rias das den\u00fancias recebidas pelo escrit\u00f3rio de advocacia em mais de 18 mil e-mails ainda n\u00e3o foram enviadas \u00e0 Justi\u00e7a.<\/span><\/p>\n<p><span style=\"color: #000000\">Na decis\u00e3o, o juiz afirma que n\u00e3o se pode tolerar a repeti\u00e7\u00e3o de casos como o de Marielle, em que o Facebook\u00a0\u201cvem permitindo a propagac\u0327a\u0303o de crimes como calu\u0301nia contra os mortos, o\u0301dio, preconceito de rac\u0327a e ge\u0302nero e abusos, contra algue\u0301m que ja\u0301 na\u0303o tem como se defender, contra seus parentes, irma\u0303 e sua companheira, contra familiares e contra a Sociedade\u201d.<\/span><\/p>\n","protected":false},"excerpt":{"rendered":"<p>Em decis\u00e3o hist\u00f3rica, a Justi\u00e7a do Rio de Janeiro acatou na \u00edntegra a a\u00e7\u00e3o movida por Anielle Silva e M\u00f4nica Ben\u00edcio, respectivamente irm\u00e3 e companheira de Marielle Franco, contra o Facebook pela propaga\u00e7\u00e3o de not\u00edcias falsas contra a vereadora do PSOL, executada no \u00faltimo dia 14. A a\u00e7\u00e3o foi movida por meio do escrit\u00f3rio EJS Advogadas e o juiz respons\u00e1vel [&hellip;]<\/p>\n","protected":false},"author":27,"featured_media":0,"comment_status":"open","ping_status":"closed","sticky":false,"template":"","format":"standard","meta":{"footnotes":""},"categories":[2719],"tags":[3953,11913,167,342,760,6070,2888,11855,415,3398,3144,991,260,11753,2703,6692,9815,6446],"class_list":["post-8658","post","type-post","status-publish","format-standard","hentry","category-servidor","tag-autores","tag-caluniadores","tag-dados","tag-determina","tag-documentos","tag-excluidos","tag-facebook","tag-fake-news","tag-falsos","tag-honra","tag-imagem","tag-intimidade","tag-justica","tag-marielle-franco","tag-perfis","tag-posts","tag-publicacoes","tag-retire"],"_links":{"self":[{"href":"https:\/\/blogs.correiobraziliense.com.br\/servidor\/wp-json\/wp\/v2\/posts\/8658","targetHints":{"allow":["GET"]}}],"collection":[{"href":"https:\/\/blogs.correiobraziliense.com.br\/servidor\/wp-json\/wp\/v2\/posts"}],"about":[{"href":"https:\/\/blogs.correiobraziliense.com.br\/servidor\/wp-json\/wp\/v2\/types\/post"}],"author":[{"embeddable":true,"href":"https:\/\/blogs.correiobraziliense.com.br\/servidor\/wp-json\/wp\/v2\/users\/27"}],"replies":[{"embeddable":true,"href":"https:\/\/blogs.correiobraziliense.com.br\/servidor\/wp-json\/wp\/v2\/comments?post=8658"}],"version-history":[{"count":1,"href":"https:\/\/blogs.correiobraziliense.com.br\/servidor\/wp-json\/wp\/v2\/posts\/8658\/revisions"}],"predecessor-version":[{"id":8659,"href":"https:\/\/blogs.correiobraziliense.com.br\/servidor\/wp-json\/wp\/v2\/posts\/8658\/revisions\/8659"}],"wp:attachment":[{"href":"https:\/\/blogs.correiobraziliense.com.br\/servidor\/wp-json\/wp\/v2\/media?parent=8658"}],"wp:term":[{"taxonomy":"category","embeddable":true,"href":"https:\/\/blogs.correiobraziliense.com.br\/servidor\/wp-json\/wp\/v2\/categories?post=8658"},{"taxonomy":"post_tag","embeddable":true,"href":"https:\/\/blogs.correiobraziliense.com.br\/servidor\/wp-json\/wp\/v2\/tags?post=8658"}],"curies":[{"name":"wp","href":"https:\/\/api.w.org\/{rel}","templated":true}]}}