{"id":8656,"date":"2018-03-28T13:35:21","date_gmt":"2018-03-28T16:35:21","guid":{"rendered":"https:\/\/blogs.correiobraziliense.com.br\/servidor\/?p=8656"},"modified":"2018-03-28T13:35:21","modified_gmt":"2018-03-28T16:35:21","slug":"amb-condena-ameacas-ao-ministro-edson-fachin-e-familia","status":"publish","type":"post","link":"https:\/\/blogs.correiobraziliense.com.br\/servidor\/amb-condena-ameacas-ao-ministro-edson-fachin-e-familia\/","title":{"rendered":"AMB condena amea\u00e7as ao ministro Edson Fachin e fam\u00edlia"},"content":{"rendered":"<p><em>A AMB defende a independ\u00eancia da magistratura e do estado democr\u00e1tico de direito e considera inaceit\u00e1vel qualquer tipo de amea\u00e7a a um membro do Poder Judici\u00e1rio<\/em><\/p>\n<p>Veja a nota:<\/p>\n<p>&#8220;A Associa\u00e7\u00e3o dos Magistrados Brasileiros (AMB), entidade que re\u00fane mais de 14 mil ju\u00edzes das esferas estadual, federal, trabalhista e militar, vem a p\u00fablico se manifestar contra as amea\u00e7as ao ministro Edson Fachin (STF) e sua fam\u00edlia, bem como contra qualquer tipo de intimida\u00e7\u00e3o ao Poder Judici\u00e1rio.<\/p>\n<p>A AMB reafirma a defesa da independ\u00eancia da magistratura e do Estado Democr\u00e1tico de Direito e considera inaceit\u00e1vel qualquer tipo de amea\u00e7a a um membro do Poder Judici\u00e1rio, cujas responsabilidades inerentes \u00e0 sua fun\u00e7\u00e3o n\u00e3o podem ser alvo de intimida\u00e7\u00f5es.<\/p>\n<p>\u00c9 preciso reafirmar a confian\u00e7a na for\u00e7a da democracia e nas institui\u00e7\u00f5es. A AMB clama, mais uma vez, pelas garantias democr\u00e1ticas e pela r\u00e1pida apura\u00e7\u00e3o dos fatos.<\/p>\n<p><strong>Francisco Borges Ferreira Neto<\/strong><br \/>\n<strong>Presidente em exerc\u00edcio da AMB&#8221;<\/strong><\/p>\n","protected":false},"excerpt":{"rendered":"<p>A AMB defende a independ\u00eancia da magistratura e do estado democr\u00e1tico de direito e considera inaceit\u00e1vel qualquer tipo de amea\u00e7a a um membro do Poder Judici\u00e1rio Veja a nota: &#8220;A Associa\u00e7\u00e3o dos Magistrados Brasileiros (AMB), entidade que re\u00fane mais de 14 mil ju\u00edzes das esferas estadual, federal, trabalhista e militar, vem a p\u00fablico se manifestar contra as amea\u00e7as ao ministro [&hellip;]<\/p>\n","protected":false},"author":27,"featured_media":0,"comment_status":"open","ping_status":"closed","sticky":false,"template":"","format":"standard","meta":{"footnotes":""},"categories":[2719],"tags":[1409,10009,4099,8053,116,56,1242,9598,263,2323,5157,35,1137],"class_list":["post-8656","post","type-post","status-publish","format-standard","hentry","category-servidor","tag-amb","tag-amecas","tag-condena","tag-democratico","tag-direito","tag-estado","tag-familia","tag-inaceitavel","tag-independencia","tag-magistratura","tag-membro","tag-ministro","tag-poder-judiciario"],"_links":{"self":[{"href":"https:\/\/blogs.correiobraziliense.com.br\/servidor\/wp-json\/wp\/v2\/posts\/8656","targetHints":{"allow":["GET"]}}],"collection":[{"href":"https:\/\/blogs.correiobraziliense.com.br\/servidor\/wp-json\/wp\/v2\/posts"}],"about":[{"href":"https:\/\/blogs.correiobraziliense.com.br\/servidor\/wp-json\/wp\/v2\/types\/post"}],"author":[{"embeddable":true,"href":"https:\/\/blogs.correiobraziliense.com.br\/servidor\/wp-json\/wp\/v2\/users\/27"}],"replies":[{"embeddable":true,"href":"https:\/\/blogs.correiobraziliense.com.br\/servidor\/wp-json\/wp\/v2\/comments?post=8656"}],"version-history":[{"count":1,"href":"https:\/\/blogs.correiobraziliense.com.br\/servidor\/wp-json\/wp\/v2\/posts\/8656\/revisions"}],"predecessor-version":[{"id":8657,"href":"https:\/\/blogs.correiobraziliense.com.br\/servidor\/wp-json\/wp\/v2\/posts\/8656\/revisions\/8657"}],"wp:attachment":[{"href":"https:\/\/blogs.correiobraziliense.com.br\/servidor\/wp-json\/wp\/v2\/media?parent=8656"}],"wp:term":[{"taxonomy":"category","embeddable":true,"href":"https:\/\/blogs.correiobraziliense.com.br\/servidor\/wp-json\/wp\/v2\/categories?post=8656"},{"taxonomy":"post_tag","embeddable":true,"href":"https:\/\/blogs.correiobraziliense.com.br\/servidor\/wp-json\/wp\/v2\/tags?post=8656"}],"curies":[{"name":"wp","href":"https:\/\/api.w.org\/{rel}","templated":true}]}}