{"id":8654,"date":"2018-03-28T13:32:11","date_gmt":"2018-03-28T16:32:11","guid":{"rendered":"https:\/\/blogs.correiobraziliense.com.br\/servidor\/?p=8654"},"modified":"2018-03-28T13:32:11","modified_gmt":"2018-03-28T16:32:11","slug":"anpr-cobra-investigacao-sobre-ameacas-fachin-e-tiros-contra-caravana-de-lula","status":"publish","type":"post","link":"https:\/\/blogs.correiobraziliense.com.br\/servidor\/anpr-cobra-investigacao-sobre-ameacas-fachin-e-tiros-contra-caravana-de-lula\/","title":{"rendered":"ANPR cobra investiga\u00e7\u00e3o sobre amea\u00e7as a Fachin e tiros contra caravana de Lula"},"content":{"rendered":"<div><em>Por meio de nota, a ANPR destaca que n\u00e3o h\u00e1 lugar na democracia brasileira para intoler\u00e2ncia e viol\u00eancia. &#8220;A democracia e o estado de direito apenas se coadunam com serenidade e toler\u00e2ncia na diverg\u00eancia de ideias, mas igualmente exigem respeito \u00e0s institui\u00e7\u00f5es e \u00e0s leis, e apura\u00e7\u00e3o e puni\u00e7\u00e3o severa de qualquer amea\u00e7a ou viol\u00eancia na pol\u00edtica e na vida p\u00fablica&#8221;<\/em><\/div>\n<div><\/div>\n<div>Veja a nota:<\/div>\n<div><\/div>\n<div>&#8220;A Associa\u00e7\u00e3o Nacional dos Procuradores da Rep\u00fablica (ANPR), diante das den\u00fancias do ministro do Supremo Tribunal Federal (STF) Edson Fachin, relator da Lava-Jato naquela Corte, de que vem sofrendo amea\u00e7as \u00e0 sua fam\u00edlia, e considerando que ve\u00edculos que faziam parte de uma caravana pol\u00edtica organizada em apoio ao ex-presidente Lula foram alvejados a tiros, manifesta:<\/div>\n<div><\/div>\n<div>A democracia e o estado de direito apenas se coadunam com serenidade e toler\u00e2ncia na diverg\u00eancia de ideias, mas igualmente exigem respeito \u00e0s institui\u00e7\u00f5es e \u00e0s leis, e apura\u00e7\u00e3o e puni\u00e7\u00e3o severa de qualquer amea\u00e7a ou viol\u00eancia na pol\u00edtica e na vida p\u00fablica.<\/div>\n<div><\/div>\n<div>\u00c9 absolutamente inadmiss\u00edvel que um ministro da Suprema Corte seja e declare-se amea\u00e7ado, ademais quando em ataque a seus familiares. O STF \u00e9 \u00e1pice e em muitos sentidos simboliza e personifica o Poder Judici\u00e1rio e a pr\u00f3pria ideia de Justi\u00e7a. Amea\u00e7a, coa\u00e7\u00e3o e viol\u00eancia contra um de seus membros \u2014 para al\u00e9m da injusti\u00e7a e do crime \u2014 p\u00f5em em risco o estado de direito e t\u00eam de ser apuradas e punidas severamente.<\/div>\n<div><\/div>\n<div>Lado outro, ainda que se tenha de aguardar com serenidade a apura\u00e7\u00e3o t\u00e9cnica dos fatos, tiros desfechados contra um grupo pol\u00edtico n\u00e3o podem ser tomados como situa\u00e7\u00e3o normal, e igualmente exigem investiga\u00e7\u00e3o. Todas as ideias em uma democracia devem ser expressadas e recebidas com respeito, e a confian\u00e7a nas leis, nas institui\u00e7\u00f5es e nas f\u00f3rmulas democr\u00e1ticas de disputa t\u00eam de ser comuns a todos os envolvidos.<\/div>\n<div><\/div>\n<div>Qualquer viol\u00eancia \u00e9 inadmiss\u00edvel. Tiros desferidos no campo da pol\u00edtica, contudo, v\u00e3o mais longe do que a viol\u00eancia em si, e, se n\u00e3o apurados e punidos com rigor, podem igualmente colocar em risco a toler\u00e2ncia e o debate democr\u00e1tico. Isto n\u00e3o pode acontecer.<\/div>\n<div><\/div>\n<div>Assim sendo, clamando, mas tamb\u00e9m manifestando confian\u00e7a na a\u00e7\u00e3o imediata e urgente das institui\u00e7\u00f5es do estado e da Justi\u00e7a na prote\u00e7\u00e3o dos atingidos e na apura\u00e7\u00e3o rigorosa dos fatos, a ANPR declara total solidariedade ao ministro Edson Fachin e \u00e0 sua fam\u00edlia, bem aos que foram colocados sob risco no alvejamento da caravana partid\u00e1ria. N\u00e3o h\u00e1 lugar na democracia brasileira para intoler\u00e2ncia e viol\u00eancia, e a sociedade e as institui\u00e7\u00f5es do Pa\u00eds est\u00e3o e h\u00e3o de estar a altura de qualquer desafio.<\/div>\n<div><\/div>\n<div><strong>Jos\u00e9 Robalinho Cavalcanti<\/strong><\/div>\n<div>Procurador Regional da Rep\u00fablica<\/div>\n<div>Presidente da ANPR&#8221;<\/div>\n","protected":false},"excerpt":{"rendered":"<p>Por meio de nota, a ANPR destaca que n\u00e3o h\u00e1 lugar na democracia brasileira para intoler\u00e2ncia e viol\u00eancia. &#8220;A democracia e o estado de direito apenas se coadunam com serenidade e toler\u00e2ncia na diverg\u00eancia de ideias, mas igualmente exigem respeito \u00e0s institui\u00e7\u00f5es e \u00e0s leis, e apura\u00e7\u00e3o e puni\u00e7\u00e3o severa de qualquer amea\u00e7a ou viol\u00eancia na pol\u00edtica e na vida [&hellip;]<\/p>\n","protected":false},"author":27,"featured_media":0,"comment_status":"open","ping_status":"closed","sticky":false,"template":"","format":"standard","meta":{"footnotes":""},"categories":[2719],"tags":[327,2553,4959,10227,11839,2153,11911,1754,1416,1575,722,5032,1141,11912,11910,4427],"class_list":["post-8654","post","type-post","status-publish","format-standard","hentry","category-servidor","tag-ameaca","tag-ameacas","tag-anpr","tag-caravana","tag-democarcia","tag-divergencia","tag-estado-de-direito","tag-ideias","tag-instituicoes","tag-intolerancia","tag-investigacao","tag-leis","tag-punicao","tag-respetio","tag-tiros","tag-violencia"],"_links":{"self":[{"href":"https:\/\/blogs.correiobraziliense.com.br\/servidor\/wp-json\/wp\/v2\/posts\/8654","targetHints":{"allow":["GET"]}}],"collection":[{"href":"https:\/\/blogs.correiobraziliense.com.br\/servidor\/wp-json\/wp\/v2\/posts"}],"about":[{"href":"https:\/\/blogs.correiobraziliense.com.br\/servidor\/wp-json\/wp\/v2\/types\/post"}],"author":[{"embeddable":true,"href":"https:\/\/blogs.correiobraziliense.com.br\/servidor\/wp-json\/wp\/v2\/users\/27"}],"replies":[{"embeddable":true,"href":"https:\/\/blogs.correiobraziliense.com.br\/servidor\/wp-json\/wp\/v2\/comments?post=8654"}],"version-history":[{"count":1,"href":"https:\/\/blogs.correiobraziliense.com.br\/servidor\/wp-json\/wp\/v2\/posts\/8654\/revisions"}],"predecessor-version":[{"id":8655,"href":"https:\/\/blogs.correiobraziliense.com.br\/servidor\/wp-json\/wp\/v2\/posts\/8654\/revisions\/8655"}],"wp:attachment":[{"href":"https:\/\/blogs.correiobraziliense.com.br\/servidor\/wp-json\/wp\/v2\/media?parent=8654"}],"wp:term":[{"taxonomy":"category","embeddable":true,"href":"https:\/\/blogs.correiobraziliense.com.br\/servidor\/wp-json\/wp\/v2\/categories?post=8654"},{"taxonomy":"post_tag","embeddable":true,"href":"https:\/\/blogs.correiobraziliense.com.br\/servidor\/wp-json\/wp\/v2\/tags?post=8654"}],"curies":[{"name":"wp","href":"https:\/\/api.w.org\/{rel}","templated":true}]}}