{"id":865,"date":"2016-01-28T19:28:48","date_gmt":"2016-01-28T21:28:48","guid":{"rendered":"https:\/\/blogs.correiobraziliense.com.br\/servidor\/?p=865"},"modified":"2016-01-28T19:28:48","modified_gmt":"2016-01-28T21:28:48","slug":"adpf-requer-a-nao-obrigatoriedade-de-ponto-eletronico-para-associados","status":"publish","type":"post","link":"https:\/\/blogs.correiobraziliense.com.br\/servidor\/adpf-requer-a-nao-obrigatoriedade-de-ponto-eletronico-para-associados\/","title":{"rendered":"ADPF REQUER A N\u00c3O OBRIGATORIEDADE DE PONTO ELETR\u00d4NICO PARA ASSOCIADOS"},"content":{"rendered":"<p><em>A Associa\u00e7\u00e3o Nacional dos Delegados da Pol\u00edcia Federal (ADPF) informou que, desde 2010, a Justi\u00e7a determinou o restabelecimento do controle escrito<\/em><\/p>\n<p>&nbsp;<\/p>\n<p>De acordo com as decis\u00f5es judiciais, o Departamento de Pol\u00edcia Federal n\u00e3o pode impor aos delegados de Pol\u00edcia Federal associados a obrigatoriedade de preenchimento de qualquer controle eletr\u00f4nico de ponto, seja por meio do sistema REF1 ou do sistema REF2. Afinal, na decis\u00e3o, o Ju\u00edzo determinou expressamente o restabelecimento do controle escrito em folha de ponto.<\/p>\n<p>&nbsp;<\/p>\n<div>\n<p>Assim, a ADPF requereu, em car\u00e1ter de urg\u00eancia, que a Uni\u00e3o seja intimada a cumprir e a dar conhecimento \u00e0 Pol\u00edcia Federal para que todas as unidades de lota\u00e7\u00e3o se abstenham de exigir a entrega da folha eletr\u00f4nica de ponto \u00e0 Coordena\u00e7\u00e3o de Recursos Humanos.<\/p>\n<p>&nbsp;<\/p>\n<p>Em setembro de 2010 o Ju\u00edzo da 2\u00aa Vara Federal da Se\u00e7\u00e3o Judici\u00e1ria do Distrito Federal deferiu a medida de urg\u00eancia para que fosse afastado o controle eletr\u00f4nico de ponto dos associados \u00e0 Associa\u00e7\u00e3o Nacional dos Delegados de Pol\u00edcia Federal (ADPF) e restabelecido o controle de forma escrita.<\/p>\n<p>&nbsp;<\/p>\n<p>O requerimento foi feito ap\u00f3s a ADPF ter tomado o conhecimento de que alguns filiados n\u00e3o estavam sendo contemplados pela medida judicial e continuavam a adotar o Registro Eletr\u00f4nico de Frequ\u00eancia REF \u2013 1, que em algumas unidades passou a se chamar REF &#8211; 2, com procedimentos diferenciados, mas ainda caracterizado como controle eletr\u00f4nico de ponto.<\/p>\n<p>&nbsp;<\/p>\n<p>A entidade estuda ingressar com nova a\u00e7\u00e3o judicial para reconhecer que o delegado de Pol\u00edcia Federal n\u00e3o est\u00e1 sujeito a controle de ponto por ser incompat\u00edvel com a natureza de suas atribui\u00e7\u00f5es.<\/p>\n<\/div>\n","protected":false},"excerpt":{"rendered":"<p>A Associa\u00e7\u00e3o Nacional dos Delegados da Pol\u00edcia Federal (ADPF) informou que, desde 2010, a Justi\u00e7a determinou o restabelecimento do controle escrito &nbsp; De acordo com as decis\u00f5es judiciais, o Departamento de Pol\u00edcia Federal n\u00e3o pode impor aos delegados de Pol\u00edcia Federal associados a obrigatoriedade de preenchimento de qualquer controle eletr\u00f4nico de ponto, seja por meio do sistema REF1 ou do [&hellip;]<\/p>\n","protected":false},"author":27,"featured_media":0,"comment_status":"open","ping_status":"closed","sticky":false,"template":"","format":"standard","meta":{"footnotes":""},"categories":[1],"tags":[348,207,587,260,584,585,583,586],"class_list":["post-865","post","type-post","status-publish","format-standard","hentry","category-sem-categoria","tag-adpf","tag-controle","tag-escrito","tag-justica","tag-obrigatoriedade","tag-ponto-eletronico","tag-requer","tag-restabelecimento"],"_links":{"self":[{"href":"https:\/\/blogs.correiobraziliense.com.br\/servidor\/wp-json\/wp\/v2\/posts\/865","targetHints":{"allow":["GET"]}}],"collection":[{"href":"https:\/\/blogs.correiobraziliense.com.br\/servidor\/wp-json\/wp\/v2\/posts"}],"about":[{"href":"https:\/\/blogs.correiobraziliense.com.br\/servidor\/wp-json\/wp\/v2\/types\/post"}],"author":[{"embeddable":true,"href":"https:\/\/blogs.correiobraziliense.com.br\/servidor\/wp-json\/wp\/v2\/users\/27"}],"replies":[{"embeddable":true,"href":"https:\/\/blogs.correiobraziliense.com.br\/servidor\/wp-json\/wp\/v2\/comments?post=865"}],"version-history":[{"count":1,"href":"https:\/\/blogs.correiobraziliense.com.br\/servidor\/wp-json\/wp\/v2\/posts\/865\/revisions"}],"predecessor-version":[{"id":866,"href":"https:\/\/blogs.correiobraziliense.com.br\/servidor\/wp-json\/wp\/v2\/posts\/865\/revisions\/866"}],"wp:attachment":[{"href":"https:\/\/blogs.correiobraziliense.com.br\/servidor\/wp-json\/wp\/v2\/media?parent=865"}],"wp:term":[{"taxonomy":"category","embeddable":true,"href":"https:\/\/blogs.correiobraziliense.com.br\/servidor\/wp-json\/wp\/v2\/categories?post=865"},{"taxonomy":"post_tag","embeddable":true,"href":"https:\/\/blogs.correiobraziliense.com.br\/servidor\/wp-json\/wp\/v2\/tags?post=865"}],"curies":[{"name":"wp","href":"https:\/\/api.w.org\/{rel}","templated":true}]}}