{"id":8640,"date":"2018-03-27T14:50:17","date_gmt":"2018-03-27T17:50:17","guid":{"rendered":"https:\/\/blogs.correiobraziliense.com.br\/servidor\/?p=8640"},"modified":"2018-03-27T14:50:17","modified_gmt":"2018-03-27T17:50:17","slug":"yale-curso-de-verao-para-estudantes-brasileiros-de-ensino-medio","status":"publish","type":"post","link":"https:\/\/blogs.correiobraziliense.com.br\/servidor\/yale-curso-de-verao-para-estudantes-brasileiros-de-ensino-medio\/","title":{"rendered":"Yale: curso de ver\u00e3o para estudantes brasileiros de ensino m\u00e9dio"},"content":{"rendered":"<p><i>O mercado exige experi\u00eancias internacionais cada vez mais precoces\u00a0dos jovens. E as universidades\u00a0mundo afora\u00a0j\u00e1 oferecem programas sob medida para\u00a0esses\u00a0adolescentes<\/i><\/p>\n<p>Cada vez mais cedo os jovens aprendem a aproveitar oportunidades. Os interc\u00e2mbios para alunos do ensino m\u00e9dio agradam os estudantes porque eles podem viajar, conhecer novos lugares, trocar experi\u00eancias e voltar ao Brasil com o incremento em\u00a0uma l\u00edngua estrangeira. Viv\u00eancias valiosas para quem ter\u00e1 que disputar uma vaga de est\u00e1gio no\u00a0futuro pr\u00f3ximo. E muitas escolas de ensino m\u00e9dio, no Brasil, j\u00e1 exigem a experi\u00eancia.Na outra ponta, universidades de prest\u00edgio internacional se preparam para receber esses alunos.<\/p>\n<p>A Universidade de Yale, uma das mais\u00a0prestigiadas dos Estados Unidos e ber\u00e7o de muitas lideran\u00e7as mundiais,\u00a0est\u00e1 oferecendo este ano\u00a0um curso de ver\u00e3o para estudantes de ensino m\u00e9dio na \u00e1rea de Sustentabilidade.\u00a0Trata-se do\u00a0<em>Yale Pre-College Summer Program<\/em>, que acontecer\u00e1 em julho. Durante duas semanas, os jovens ser\u00e3o desafiados e guiados, em um ambiente de imers\u00e3o, para atender e entender quest\u00f5es ambientais globais e locais.<\/p>\n<p>A ideia \u00e9 conscientizar adolescentes sobre o tema de forma pr\u00e1tica. Os estudantes\u00a0participam de\u00a0aulas com professores da pr\u00f3pria universidade de Yale, em \u00e1reas como Comunica\u00e7\u00e3o, Economia, Tecnologia, Pol\u00edtica e Ci\u00eancia Ambiental,\u00a0voltadas \u00e0\u00a0sustentabilidade. Ao final do curso, os alunos ser\u00e3o capazes de desenvolver um projeto de sustentabilidade, analisando um problema social e sugerindo solu\u00e7\u00f5es inovadoras para mudar o mundo.<\/p>\n<p>O treinamento est\u00e1 em linha com as diretrizes de col\u00e9gios de alto n\u00edvel que, cada vez mais, incentivam a viv\u00eancia de qualidade no exterior. S\u00e3o v\u00e1rias, espalhadas pelo pa\u00eds. O objetivo \u00e9\u00a0estimular as experi\u00eancias internacionais dos alunos de ensino m\u00e9dio, para que ele adquira a vis\u00e3o do\u00a0que \u00e9 o mercado de trabalho, para que sejam desenvolvidas a autonomia e a responsabilidade, por exemplo.<\/p>\n<p><strong>Servi\u00e7o<\/strong><\/p>\n<p><strong><em>Yale Pre-College Summer Program<\/em><\/strong><\/p>\n<p>Local: Universidade de Yale, New Haven, Connecticut, Estados Unidos<\/p>\n<p>Dura\u00e7\u00e3o: duas semanas<\/p>\n<p>Per\u00edodo: 8 a 21 de julho<\/p>\n<p>Faixa et\u00e1ria: 15 aos 16 anos<\/p>\n<p>Informa\u00e7\u00f5es e inscri\u00e7\u00f5es:<\/p>\n<p>Esse \u00e9 o link para mais informa\u00e7\u00f5es:\u00a0<a href=\"https:\/\/www.jkcp.com\/program\/yale-pre-college-summer-program.php\">https:\/\/www.jkcp.com\/program\/yale-pre-college-summer-program.php<\/a><\/p>\n","protected":false},"excerpt":{"rendered":"<p>O mercado exige experi\u00eancias internacionais cada vez mais precoces\u00a0dos jovens. E as universidades\u00a0mundo afora\u00a0j\u00e1 oferecem programas sob medida para\u00a0esses\u00a0adolescentes Cada vez mais cedo os jovens aprendem a aproveitar oportunidades. Os interc\u00e2mbios para alunos do ensino m\u00e9dio agradam os estudantes porque eles podem viajar, conhecer novos lugares, trocar experi\u00eancias e voltar ao Brasil com o incremento em\u00a0uma l\u00edngua estrangeira. Viv\u00eancias valiosas [&hellip;]<\/p>\n","protected":false},"author":27,"featured_media":0,"comment_status":"open","ping_status":"closed","sticky":false,"template":"","format":"standard","meta":{"footnotes":""},"categories":[2719],"tags":[6528,1442,1113,734,1076,1160,4160,1159,11900,1163,7452,11902,945,11899,1232,444,7460,489,1472,11898,7398,1636,3231,6012,421,11132,9192,11897,11901],"class_list":["post-8640","post","type-post","status-publish","format-standard","hentry","category-servidor","tag-adolescentes","tag-alunos","tag-ambientais","tag-brasileiros","tag-curso","tag-ensino-medio","tag-escolas","tag-estagio","tag-estrangeira","tag-estudantes","tag-experiencias","tag-imersao","tag-incremento","tag-intercambios","tag-internacionais","tag-jovens","tag-lingua","tag-mercado","tag-mundo","tag-precoces","tag-prestigio","tag-programas","tag-sustentabilidade","tag-universidades","tag-vaga","tag-verao","tag-viajar","tag-yale","tag-yale-pre-college-summer-program"],"_links":{"self":[{"href":"https:\/\/blogs.correiobraziliense.com.br\/servidor\/wp-json\/wp\/v2\/posts\/8640","targetHints":{"allow":["GET"]}}],"collection":[{"href":"https:\/\/blogs.correiobraziliense.com.br\/servidor\/wp-json\/wp\/v2\/posts"}],"about":[{"href":"https:\/\/blogs.correiobraziliense.com.br\/servidor\/wp-json\/wp\/v2\/types\/post"}],"author":[{"embeddable":true,"href":"https:\/\/blogs.correiobraziliense.com.br\/servidor\/wp-json\/wp\/v2\/users\/27"}],"replies":[{"embeddable":true,"href":"https:\/\/blogs.correiobraziliense.com.br\/servidor\/wp-json\/wp\/v2\/comments?post=8640"}],"version-history":[{"count":1,"href":"https:\/\/blogs.correiobraziliense.com.br\/servidor\/wp-json\/wp\/v2\/posts\/8640\/revisions"}],"predecessor-version":[{"id":8641,"href":"https:\/\/blogs.correiobraziliense.com.br\/servidor\/wp-json\/wp\/v2\/posts\/8640\/revisions\/8641"}],"wp:attachment":[{"href":"https:\/\/blogs.correiobraziliense.com.br\/servidor\/wp-json\/wp\/v2\/media?parent=8640"}],"wp:term":[{"taxonomy":"category","embeddable":true,"href":"https:\/\/blogs.correiobraziliense.com.br\/servidor\/wp-json\/wp\/v2\/categories?post=8640"},{"taxonomy":"post_tag","embeddable":true,"href":"https:\/\/blogs.correiobraziliense.com.br\/servidor\/wp-json\/wp\/v2\/tags?post=8640"}],"curies":[{"name":"wp","href":"https:\/\/api.w.org\/{rel}","templated":true}]}}