{"id":8636,"date":"2018-03-26T21:04:12","date_gmt":"2018-03-27T00:04:12","guid":{"rendered":"https:\/\/blogs.correiobraziliense.com.br\/servidor\/?p=8636"},"modified":"2018-03-26T21:04:12","modified_gmt":"2018-03-27T00:04:12","slug":"nota-do-cofecon-sobre-questao-fiscal-e-financiamento-do-desenvolvimento","status":"publish","type":"post","link":"https:\/\/blogs.correiobraziliense.com.br\/servidor\/nota-do-cofecon-sobre-questao-fiscal-e-financiamento-do-desenvolvimento\/","title":{"rendered":"Nota do Cofecon sobre quest\u00e3o fiscal e financiamento do desenvolvimento"},"content":{"rendered":"<p><em>O Conselho Federal de Economia (Cofecon) destaca que nosso modelo tribut\u00e1rio regressivo, pois incide fortemente sobre o consumo e n\u00e3o sobre a renda e a riqueza. O \u00f3rg\u00e3o quer a desindexa\u00e7\u00e3o da economia, inclusive da d\u00edvida p\u00fablica<\/em><\/p>\n<p>Veja a nota:<\/p>\n<p>&#8220;O problema fiscal brasileiro deve ser abordado no \u00e2mbito das pol\u00edticas macroecon\u00f4micas, assim como seu papel para o desenvolvimento econ\u00f4mico e social. Deve tamb\u00e9m contemplar a discuss\u00e3o sobre o custo de financiamento da d\u00edvida p\u00fablica, que no Brasil atinge a m\u00e9dia de 5,5% do Produto Interno Bruto (PIB), ao ano, o equivalente a R$ 363 bilh\u00f5es, em 2018. Destaque-se adicionalmente que a recess\u00e3o de 2015 e 2016, e o baixo crescimento de 2017 afetaram negativamente a arrecada\u00e7\u00e3o tribut\u00e1ria, comprometendo as metas fiscais.<\/p>\n<p>Ademais, nosso modelo tribut\u00e1rio regressivo, incidindo fortemente sobre o consumo e produ\u00e7\u00e3o \u2013 e n\u00e3o sobre a renda e a riqueza -, al\u00e9m de contribuir para uma maior concentra\u00e7\u00e3o de renda, sobrecarrega o chamado \u201ccusto Brasil\u201d.<\/p>\n<p>\u00c9 crucial buscar a desindexa\u00e7\u00e3o da economia, inclusive da d\u00edvida p\u00fablica. O Brasil \u00e9 o \u00fanico pa\u00eds que remunera parcela expressiva da sua d\u00edvida a taxas de juros reais alt\u00edssimas, independentemente do prazo de vencimento, oferecendo pelos seus t\u00edtulos, ao mesmo tempo, liquidez, seguran\u00e7a e rentabilidade, na contram\u00e3o de outros pa\u00edses, que estimulam o financiamento de longo prazo. Este quadro cria um constrangimento para os gastos p\u00fablicos, tornando mais dif\u00edcil a execu\u00e7\u00e3o dos investimentos, assim como a manuten\u00e7\u00e3o da qualidade dos programas sociais.<\/p>\n<p>Da mesma forma, \u00e9 fundamental manter e aperfei\u00e7oar a atua\u00e7\u00e3o dos bancos p\u00fablicos, especialmente o Banco Nacional de Desenvolvimento Econ\u00f4mico e Social (BNDES), como impulsionadores do financiamento dos investimentos para a infraestrutura e outros setores, tendo em vista a inexist\u00eancia de instrumentos de financiamento de longo prazo no mercado financeiro privado a taxas de juros minimamente compat\u00edveis com a rentabilidade esperada dos projetos.<\/p>\n<h3>Conselho Federal de Economia&#8221;<\/h3>\n","protected":false},"excerpt":{"rendered":"<p>O Conselho Federal de Economia (Cofecon) destaca que nosso modelo tribut\u00e1rio regressivo, pois incide fortemente sobre o consumo e n\u00e3o sobre a renda e a riqueza. O \u00f3rg\u00e3o quer a desindexa\u00e7\u00e3o da economia, inclusive da d\u00edvida p\u00fablica Veja a nota: &#8220;O problema fiscal brasileiro deve ser abordado no \u00e2mbito das pol\u00edticas macroecon\u00f4micas, assim como seu papel para o desenvolvimento econ\u00f4mico [&hellip;]<\/p>\n","protected":false},"author":27,"featured_media":0,"comment_status":"open","ping_status":"closed","sticky":false,"template":"","format":"standard","meta":{"footnotes":""},"categories":[2719],"tags":[4714,11892,3355,11893,967,88,3362,67,11891,1102,565,3429,5639,11890,358,6767,7384,208,1608,4138,4152],"class_list":["post-8636","post","type-post","status-publish","format-standard","hentry","category-servidor","tag-cofecon","tag-consmo","tag-desenvolvimento","tag-desindexacao","tag-divida-publica","tag-economia","tag-financiamento","tag-fiscal","tag-incide","tag-juros","tag-modelo","tag-questao","tag-reais","tag-regressivo","tag-renda","tag-rentabilidade","tag-riqueza","tag-seguranca","tag-titulos","tag-tributario","tag-vencimento"],"_links":{"self":[{"href":"https:\/\/blogs.correiobraziliense.com.br\/servidor\/wp-json\/wp\/v2\/posts\/8636","targetHints":{"allow":["GET"]}}],"collection":[{"href":"https:\/\/blogs.correiobraziliense.com.br\/servidor\/wp-json\/wp\/v2\/posts"}],"about":[{"href":"https:\/\/blogs.correiobraziliense.com.br\/servidor\/wp-json\/wp\/v2\/types\/post"}],"author":[{"embeddable":true,"href":"https:\/\/blogs.correiobraziliense.com.br\/servidor\/wp-json\/wp\/v2\/users\/27"}],"replies":[{"embeddable":true,"href":"https:\/\/blogs.correiobraziliense.com.br\/servidor\/wp-json\/wp\/v2\/comments?post=8636"}],"version-history":[{"count":1,"href":"https:\/\/blogs.correiobraziliense.com.br\/servidor\/wp-json\/wp\/v2\/posts\/8636\/revisions"}],"predecessor-version":[{"id":8637,"href":"https:\/\/blogs.correiobraziliense.com.br\/servidor\/wp-json\/wp\/v2\/posts\/8636\/revisions\/8637"}],"wp:attachment":[{"href":"https:\/\/blogs.correiobraziliense.com.br\/servidor\/wp-json\/wp\/v2\/media?parent=8636"}],"wp:term":[{"taxonomy":"category","embeddable":true,"href":"https:\/\/blogs.correiobraziliense.com.br\/servidor\/wp-json\/wp\/v2\/categories?post=8636"},{"taxonomy":"post_tag","embeddable":true,"href":"https:\/\/blogs.correiobraziliense.com.br\/servidor\/wp-json\/wp\/v2\/tags?post=8636"}],"curies":[{"name":"wp","href":"https:\/\/api.w.org\/{rel}","templated":true}]}}