{"id":8611,"date":"2018-03-22T13:49:07","date_gmt":"2018-03-22T16:49:07","guid":{"rendered":"https:\/\/blogs.correiobraziliense.com.br\/servidor\/?p=8611"},"modified":"2018-03-22T13:49:08","modified_gmt":"2018-03-22T16:49:08","slug":"o-discurso-de-odio-tambem-fere-os-agentes-publicos-de-seguranca","status":"publish","type":"post","link":"https:\/\/blogs.correiobraziliense.com.br\/servidor\/o-discurso-de-odio-tambem-fere-os-agentes-publicos-de-seguranca\/","title":{"rendered":"O discurso de \u00f3dio tamb\u00e9m fere os agentes p\u00fablicos de seguran\u00e7a"},"content":{"rendered":"<p><em>&#8220;O que aconteceria com o fim da PM? Os policiais passariam a ser regidos pela CLT, com todos os direitos que hoje n\u00e3o possuem tais como greve, fundo de garantia, vale-transporte, adicional noturno, etc. Nas primeiras semanas, seria iniciada greve por melhores sal\u00e1rios e condi\u00e7\u00f5es de trabalho. A popula\u00e7\u00e3o ficaria sem prote\u00e7\u00e3o como recentemente em alguns Estados, com ocorr\u00eancias de saques, depreda\u00e7\u00e3o de patrim\u00f4nio p\u00fablico e privado, falta de atendimento em hospitais,\u00a0 \u00f4nibus sem circular, sem seguran\u00e7a. A quem interessa a instala\u00e7\u00e3o do caos, da depreda\u00e7\u00e3o, da baderna?&#8221;<\/em><\/p>\n<p><strong><em>Elizeu Martins Feliciano*<\/em><\/strong><\/p>\n<p>Infelizmente, em meio \u00e0 onda de viol\u00eancia instalada nas ruas do pa\u00eds e do o caso das mortes da vereadora carioca Marielle Franco e de seu motorista Anderson Gomes, surgiu novamente um discurso de \u00f3dio\u00a0orquestrado\u00a0contra os agentes de seguran\u00e7a p\u00fablica,\u00a0\u00a0que pede o fim da Pol\u00edcia Militar. E o tom das acusa\u00e7\u00f5es realizadas por membros do PSOL s\u00e3o irrespons\u00e1veis, pois incitam a popula\u00e7\u00e3o contra a corpora\u00e7\u00e3o que est\u00e1 na linha de frente do combate aos atos violentos di\u00e1rios contra os cidad\u00e3os de bem em todo o Brasil.<\/p>\n<p>Importante ressaltar que as investiga\u00e7\u00f5es das mortes da vereadora e de seus motoristas sequer apontam para a participa\u00e7\u00e3o de qualquer integrante da Pol\u00edcia Militar.<\/p>\n<p>Vale frisar tamb\u00e9m que em 2017 foram registrados centenas de assassinatos de policias militares, muitos executados de forma cruel pelo crime organizado, e a maioria sem a investiga\u00e7\u00e3o e aten\u00e7\u00e3o devida das autoridades e da sociedade. \u00c9 realmente desmotivador assistir inerte a esse tipo de espet\u00e1culo raivoso, onde manifestantes de um partido chamam os policiais militares de \u201cfilhos da puta\u201d, exibem cartazes com os dizeres \u201co diabo veste farda\u201d e gritam pedindo o fim da PM.<\/p>\n<p>Esse desrespeito fere a dignidade e a honra dos valorosos policiais militares, que todos os dias arriscam suas vidas, simplesmente porque escolheram servir, abnegando de seus anseios pessoais em detrimento de proteger as pessoas, e o patrim\u00f4nio daqueles que mais necessitam, praticando o bem e a Justi\u00e7a como legado de sua exist\u00eancia, \u00e0s vezes ignorando seu cansa\u00e7o, e at\u00e9 mesmo os momentos com aqueles que ama, para se dedicar ao pr\u00f3ximo.<\/p>\n<p>O que aconteceria com o fim da PM?<\/p>\n<p>Os policiais passariam a ser regidos pela CLT, com todos os direitos que hoje n\u00e3o possuem tais como: direito a greve, fundo de garantia, vale transporte, adicional noturno, etc.<\/p>\n<p>Nas primeiras semanas seria iniciado uma greve por melhores sal\u00e1rios e condi\u00e7\u00f5es de trabalho. A popula\u00e7\u00e3o ficaria sem qualquer prote\u00e7\u00e3o como visto recentemente em alguns Estados Brasileiros, com ocorr\u00eancias de saques, depreda\u00e7\u00e3o de patrim\u00f4nio p\u00fablico e privado, falta de atendimento em hospitais, os \u00f4nibus n\u00e3o podendo circular pois n\u00e3o h\u00e1 seguran\u00e7a.<\/p>\n<p>A popula\u00e7\u00e3o imploraria para que os policiais voltassem ao trabalho, mas n\u00e3o haveria mais nada que os for\u00e7asse, pois agora teriam o direito a greve. A quem interessa a instala\u00e7\u00e3o do caos, da depreda\u00e7\u00e3o, da baderna?<\/p>\n<p>Os policiais militares do Brasil exigem retrata\u00e7\u00e3o do PSOL, n\u00e3o somos \u201cfilhos da puta\u201d n\u00e3o somos o \u201cdiabo\u201d. N\u00f3s agentes de seguran\u00e7a p\u00fablica, que estamos sempre na linha de frente, exigimos respeito e n\u00e3o nos curvaremos diante dessa minoria de pessoas alienadas e manipul\u00e1veis, continuaremos a servir e proteger a sociedade que representamos, pessoas que estudam, trabalham e s\u00f3 querem a paz e a garantia da ordem para sobreviver.<\/p>\n<p><em>*Elizeu Martins Feliciano<\/em> &#8211; vice-presidente da Associa\u00e7\u00e3o de Defesa dos Agentes de Seguran\u00e7a P\u00fablica (Adeasp)<\/p>\n<p>&nbsp;<\/p>\n","protected":false},"excerpt":{"rendered":"<p>&#8220;O que aconteceria com o fim da PM? Os policiais passariam a ser regidos pela CLT, com todos os direitos que hoje n\u00e3o possuem tais como greve, fundo de garantia, vale-transporte, adicional noturno, etc. Nas primeiras semanas, seria iniciada greve por melhores sal\u00e1rios e condi\u00e7\u00f5es de trabalho. A popula\u00e7\u00e3o ficaria sem prote\u00e7\u00e3o como recentemente em alguns Estados, com ocorr\u00eancias de [&hellip;]<\/p>\n","protected":false},"author":27,"featured_media":0,"comment_status":"open","ping_status":"closed","sticky":false,"template":"","format":"standard","meta":{"footnotes":""},"categories":[2719],"tags":[11849,11215,551,11853,4088,2272,1383,11850,619,2204,943,5802,15,3841,4228,11852,11851,3163,110,545,962,2746,11847,30,1668,208,261,11848],"class_list":["post-8611","post","type-post","status-publish","format-standard","hentry","category-servidor","tag-adicional-noturno","tag-agentes-publicos","tag-atendimento","tag-baderna","tag-caos","tag-clt","tag-condicoes","tag-depredacao","tag-direitos","tag-discurso","tag-estados","tag-fundo-de-garantia","tag-greve","tag-hospitais","tag-odio","tag-onivus","tag-patrimonio-publico","tag-pm","tag-policiais","tag-populacao","tag-privado","tag-protecao","tag-regidos","tag-salarios","tag-saques","tag-seguranca","tag-trabalho","tag-vale-transporte"],"_links":{"self":[{"href":"https:\/\/blogs.correiobraziliense.com.br\/servidor\/wp-json\/wp\/v2\/posts\/8611","targetHints":{"allow":["GET"]}}],"collection":[{"href":"https:\/\/blogs.correiobraziliense.com.br\/servidor\/wp-json\/wp\/v2\/posts"}],"about":[{"href":"https:\/\/blogs.correiobraziliense.com.br\/servidor\/wp-json\/wp\/v2\/types\/post"}],"author":[{"embeddable":true,"href":"https:\/\/blogs.correiobraziliense.com.br\/servidor\/wp-json\/wp\/v2\/users\/27"}],"replies":[{"embeddable":true,"href":"https:\/\/blogs.correiobraziliense.com.br\/servidor\/wp-json\/wp\/v2\/comments?post=8611"}],"version-history":[{"count":1,"href":"https:\/\/blogs.correiobraziliense.com.br\/servidor\/wp-json\/wp\/v2\/posts\/8611\/revisions"}],"predecessor-version":[{"id":8612,"href":"https:\/\/blogs.correiobraziliense.com.br\/servidor\/wp-json\/wp\/v2\/posts\/8611\/revisions\/8612"}],"wp:attachment":[{"href":"https:\/\/blogs.correiobraziliense.com.br\/servidor\/wp-json\/wp\/v2\/media?parent=8611"}],"wp:term":[{"taxonomy":"category","embeddable":true,"href":"https:\/\/blogs.correiobraziliense.com.br\/servidor\/wp-json\/wp\/v2\/categories?post=8611"},{"taxonomy":"post_tag","embeddable":true,"href":"https:\/\/blogs.correiobraziliense.com.br\/servidor\/wp-json\/wp\/v2\/tags?post=8611"}],"curies":[{"name":"wp","href":"https:\/\/api.w.org\/{rel}","templated":true}]}}