{"id":8609,"date":"2018-03-22T12:27:12","date_gmt":"2018-03-22T15:27:12","guid":{"rendered":"https:\/\/blogs.correiobraziliense.com.br\/servidor\/?p=8609"},"modified":"2018-03-22T12:27:12","modified_gmt":"2018-03-22T15:27:12","slug":"previdencia-que-nos-aguarda","status":"publish","type":"post","link":"https:\/\/blogs.correiobraziliense.com.br\/servidor\/previdencia-que-nos-aguarda\/","title":{"rendered":"A Previd\u00eancia que nos aguarda"},"content":{"rendered":"<p><em>&#8220;Mas lamentavelmente, o INSS est\u00e1 no ch\u00e3o de uma incompet\u00eancia franciscana para o desespero dos servidores que resistem, dos segurados e dos benefici\u00e1rios. Trocaram a esperan\u00e7a pela aus\u00eancia de horizontes e perspectivas&#8221;<\/em><\/p>\n<p><strong>Por Paulo C\u00e9sar R\u00e9gis de Souza*<\/strong><\/p>\n<p>Nos \u00faltimos 25 anos de hist\u00f3ria da Anasps passamos por muitas crises no INSS.<\/p>\n<p>Num determinado momento, tivemos que hastear a bandeira de defesa e preserva\u00e7\u00e3o, contra o desmanche, pois algu\u00e9m dera a infeliz ideia de os Correios passar a conceder benef\u00edcios.<\/p>\n<p>Depois, vimos partir quase 4 mil auditores fiscais para a Receita Federal, com o fim da Receita Previdenci\u00e1ria, o que tornou o INSS a \u00fanica autarquia do mundo sem acesso \u00e0 sua receita.<\/p>\n<p>Os gestores, administradores, especialistas, terceirizados ou n\u00e3o, com mestrado e doutorado, bem como os caloteiros, aplaudiram a sinistra ideia bajulando o mercado, em nome da racionaliza\u00e7\u00e3o administrativa. Sem a Receita Previdenci\u00e1ria, o INSS apequenou-se.<\/p>\n<p>Assistimos, manietados, a transfer\u00eancia da divida ativa para a Procuradoria Geral da Fazenda Nacional (o mais ineficiente \u00f3rg\u00e3o de cobran\u00e7a e recupera\u00e7\u00e3o de cr\u00e9dito do planeta), sendo que os procuradores da AGU que ficaram, passaram a tratar no INSS de quest\u00f5es formais e legais de benef\u00edcios.<\/p>\n<p>Passamos por uma reforma de Previd\u00eancia de FHC e duas de Lula contra direitos sociais e garantias constitucionais, contra trabalhadores e servidores.\u00a0 Enfrentamos a Reforma de Temer que, como as demais, \u00e9 contra trabalhadores e servidores.<\/p>\n<p>Empurram-nos goela abaixo o fator previdenci\u00e1rio, proposto pelo FMI, como farsa e engodo em nome do mercado e do PIB, para reduzir o d\u00e9ficit do INSS, mas que n\u00e3o reduziu nada e s\u00f3 serviu para retardar e achatar os benef\u00edcios urbanos.<\/p>\n<p>Passamos por muitos ministros da Previd\u00eancia e presidentes do INSS competentes e incompetentes.<\/p>\n<p>Seguimos\u00a0 teleguiados pelo Minist\u00e9rio da Fazenda, que controla o que vai bem, como os fundos de pens\u00e3o e os planos de previd\u00eancia com ativos de R$1,5 trilh\u00e3o, abandona o que vai mal como os Regimes Pr\u00f3prios de Previd\u00eancia, da Uni\u00e3o, dos Estados e Munic\u00edpios, mente quando diz que a Previd\u00eancia \u00e9 deficit\u00e1ria, seja no regime de caixa, seja no de Seguridade Social, sem considerar os saques que a Fazenda faz\u00a0 no regime de caixa e na Seguridade Social, com o Funrural,\u00a0 Refis, ren\u00fancias e desonera\u00e7\u00f5es, DRU, pagamentos indevidos do Seguro Desemprego e a despesa de pessoal da Uni\u00e3o, ex-territ\u00f3rios e DF.<\/p>\n<p>Hoje, aos 95 anos da Previd\u00eancia da Lei Eloy Chaves, temos que enfrentar novos desafios, a partir do momento que a banda rica da Previd\u00eancia ficou com a Fazenda, inclusive a Dataprev e a banda pobre que foi parar no Minist\u00e9rio do Combate \u00e0 Fome, renomeado como Minist\u00e9rio do Desenvolvimento Social, com um ministro virtual e elenco de figurantes!<\/p>\n<p>Desde ent\u00e3o, nossas dificuldades se agravaram.<\/p>\n<p>Quase 3.000 servidores do INSS que estavam recebendo abono de perman\u00eancia em servi\u00e7o, j\u00e1 se aposentaram. Outros 10 mil podem se aposentar.<\/p>\n<p>O governo ignorou recomenda\u00e7\u00f5es do TCU para recomposi\u00e7\u00e3o do quadro de servidores, para que fosse preservada a cultura da Casa. \u00c9 ol\u00edmpica a omiss\u00e3o e a insensibilidade do governo.<\/p>\n<p>N\u00e3o h\u00e1 perspectivas de concurso, nem de reposi\u00e7\u00e3o de recursos humanos.<\/p>\n<p>Os efeitos j\u00e1 se fazem sentir no INSS. O Plano de Expans\u00e3o de Ag\u00eancias para as cidades com 20 mil habitantes foi abandonado. H\u00e1 dezenas de ag\u00eancias sem servidores ou apenas com um servidor ou com servidor remoto.<\/p>\n<p>Em 2017, os servidores deram a alma \u00e0 institui\u00e7\u00e3o que tanto amam, recebendo 9.388.818 benef\u00edcios, concedendo 4.995.623 e indeferindo 3.950.436. Se consideradas as cessa\u00e7\u00f5es e as suspens\u00f5es, os servidores meteram a m\u00e3o em mais de 25 milh\u00f5es de benef\u00edcios. Uma avalanche.<\/p>\n<p>Houve queda no efetivo, h\u00e1 muitos servidores cedidos e muitos servidores em licen\u00e7a m\u00e9dica.<\/p>\n<p>Estamos operando no limite.<\/p>\n<p>A inven\u00e7\u00e3o de uma nova Previd\u00eancia Digital, ainda \u00e9 um sonho. Bot\u00f5es de ferro e olhos de vidro n\u00e3o v\u00e3o validar benef\u00edcios. Rid\u00edculo mandar um velhinho conversar com um totem.<\/p>\n<p>A Previd\u00eancia continua precisando de servidores o que vai levar a Anasps a trabalhar pesado para que a mem\u00f3ria previdenci\u00e1ria seja preservada. O problema \u00e9 que temos 60 milh\u00f5es de segurados, contribuindo, 30 milh\u00f5es do RGPS, inclusive 10 milh\u00f5es de rurais, que pouco ou nunca pagaram e que precisam de atendimento respeitoso, civilizado e de qualidade. Mas lamentavelmente, o INSS est\u00e1 no ch\u00e3o de uma incompet\u00eancia franciscana para o desespero dos servidores que resistem, dos segurados e dos benefici\u00e1rios. Trocaram a esperan\u00e7a pela aus\u00eancia de horizontes e perspectivas.<\/p>\n<p>* <em>Paulo C\u00e9sar R\u00e9gis de Souza<\/em> &#8211; vice-presidente executivo da Associa\u00e7\u00e3o Nacional dos Servidores P\u00fablicos, da Previd\u00eancia e da Seguridade Social (Anasps).<\/p>\n","protected":false},"excerpt":{"rendered":"<p>&#8220;Mas lamentavelmente, o INSS est\u00e1 no ch\u00e3o de uma incompet\u00eancia franciscana para o desespero dos servidores que resistem, dos segurados e dos benefici\u00e1rios. Trocaram a esperan\u00e7a pela aus\u00eancia de horizontes e perspectivas&#8221; Por Paulo C\u00e9sar R\u00e9gis de Souza* Nos \u00faltimos 25 anos de hist\u00f3ria da Anasps passamos por muitas crises no INSS. Num determinado momento, tivemos que hastear a bandeira [&hellip;]<\/p>\n","protected":false},"author":27,"featured_media":0,"comment_status":"open","ping_status":"closed","sticky":false,"template":"","format":"standard","meta":{"footnotes":""},"categories":[2719],"tags":[2933,157,337,980,10596,8305,1201,411,8833,382,10670,3009,533,4384,11846,11,489,7091,284,1804,5835,549,7776,294,711,592,522,58],"class_list":["post-8609","post","type-post","status-publish","format-standard","hentry","category-servidor","tag-administradores","tag-agu","tag-anasps","tag-beneficiarios","tag-caloteiros","tag-crises","tag-defesa","tag-deficit","tag-desmanche","tag-especialistas","tag-esperanca","tag-fator","tag-fmi","tag-gestores","tag-horizontes","tag-inss","tag-mercado","tag-perspectivas","tag-pgfn","tag-pib","tag-preservacao","tag-previdencia","tag-racionalizacao","tag-receita-federal","tag-reforma","tag-rombo","tag-segurados","tag-servidores"],"_links":{"self":[{"href":"https:\/\/blogs.correiobraziliense.com.br\/servidor\/wp-json\/wp\/v2\/posts\/8609","targetHints":{"allow":["GET"]}}],"collection":[{"href":"https:\/\/blogs.correiobraziliense.com.br\/servidor\/wp-json\/wp\/v2\/posts"}],"about":[{"href":"https:\/\/blogs.correiobraziliense.com.br\/servidor\/wp-json\/wp\/v2\/types\/post"}],"author":[{"embeddable":true,"href":"https:\/\/blogs.correiobraziliense.com.br\/servidor\/wp-json\/wp\/v2\/users\/27"}],"replies":[{"embeddable":true,"href":"https:\/\/blogs.correiobraziliense.com.br\/servidor\/wp-json\/wp\/v2\/comments?post=8609"}],"version-history":[{"count":1,"href":"https:\/\/blogs.correiobraziliense.com.br\/servidor\/wp-json\/wp\/v2\/posts\/8609\/revisions"}],"predecessor-version":[{"id":8610,"href":"https:\/\/blogs.correiobraziliense.com.br\/servidor\/wp-json\/wp\/v2\/posts\/8609\/revisions\/8610"}],"wp:attachment":[{"href":"https:\/\/blogs.correiobraziliense.com.br\/servidor\/wp-json\/wp\/v2\/media?parent=8609"}],"wp:term":[{"taxonomy":"category","embeddable":true,"href":"https:\/\/blogs.correiobraziliense.com.br\/servidor\/wp-json\/wp\/v2\/categories?post=8609"},{"taxonomy":"post_tag","embeddable":true,"href":"https:\/\/blogs.correiobraziliense.com.br\/servidor\/wp-json\/wp\/v2\/tags?post=8609"}],"curies":[{"name":"wp","href":"https:\/\/api.w.org\/{rel}","templated":true}]}}