{"id":86,"date":"2015-03-02T14:47:00","date_gmt":"2015-03-02T17:47:00","guid":{"rendered":"https:\/\/blogs.correiobraziliense.com.br\/servidor\/inmetro_e_capes_selecionam_projetos_de_pesquisa_desenvolvimento_e__inovacao\/"},"modified":"2015-03-02T14:47:00","modified_gmt":"2015-03-02T17:47:00","slug":"inmetro_e_capes_selecionam_projetos_de_pesquisa_desenvolvimento_e__inovacao","status":"publish","type":"post","link":"https:\/\/blogs.correiobraziliense.com.br\/servidor\/inmetro_e_capes_selecionam_projetos_de_pesquisa_desenvolvimento_e__inovacao\/","title":{"rendered":"INMETRO E CAPES SELECIONAM PROJETOS DE PESQUISA, DESENVOLVIMENTO E  INOVA\u00c7\u00c3O"},"content":{"rendered":"<div>\n<div style=\"text-align: left;font-family: Verdana,Arial,Helvetica,sans-serif\"><i>Em  parceria com universidades, centros de pesquisa e ag\u00eancias de fomento  federais,  autarquia pretende ampliar conex\u00e3o entre ci\u00eancia e  ind\u00fastria. <\/i>As inscri\u00e7\u00f5es v\u00e3o at\u00e9 dia 31 de mar\u00e7o. O resultado  preliminar ser\u00e1 divulgado no dia 11 de maio, e o final, em 11 de  junho.<\/div>\n<div style=\"text-align: left\">\n<div>\n<p>O  Instituto Nacional de Metrologia, Qualidade e Tecnologia (Inmetro) e a  Coordena\u00e7\u00e3o de Aperfei\u00e7oamento de Pessoal de N\u00edvel Superior (Capes) lan\u00e7aram o  Edital n\u00ba 76\/2014 para sele\u00e7\u00e3o de novos projetos de pesquisa, desenvolvimento e  inova\u00e7\u00e3o (P,D&amp;I), para ampliar a Rede de Laborat\u00f3rios Associados do  Inmetro para Inova\u00e7\u00e3o e Competitividade (Relai). A iniciativa tem o objetivo de  construir uma ampla base de apoio \u00e0 inova\u00e7\u00e3o, estimulando a conex\u00e3o entre grupos  cient\u00edficos de alto n\u00edvel e a ind\u00fastria.  <\/p>\n<p>\u201cA Relai foi criada h\u00e1 cerca de dois  anos para estimular a transfer\u00eancia de tecnologia e conhecimento a empresas,  utilizando as instala\u00e7\u00f5es dos laborat\u00f3rios associados e do Inmetro para o  desenvolvimento de projetos inovadores para o pa\u00eds, para promover a  competividade dos produtos nacionais no mercado\u201d, explica o diretor de Inova\u00e7\u00e3o  e Tecnologia (Ditec) do Inmetro, Carlos Alberto Arag\u00e3o.  <\/p>\n<p>Ser\u00e3o  selecionados, em n\u00edvel nacional, at\u00e9 sete&nbsp;laborat\u00f3rios&nbsp;que apoiem de maneira  concreta o desenvolvimento da ind\u00fastria no pa\u00eds. As propostas dever\u00e3o ser  apresentadas na forma de projeto claramente caracterizado como  pesquisa e desenvolvimento tecnol\u00f3gico para fins de inova\u00e7\u00e3o em parceria com a  ind\u00fastria.  <\/p>\n<p>Os selecionados poder\u00e3o contar com bolsas de P\u00f3s-Doutorado e  Professor Visitante no Pa\u00eds e Est\u00e1gio P\u00f3s-Doutoral e Est\u00e1gio S\u00eanior no exterior.  As propostas dever\u00e3o contemplar as \u00e1reas estabelecidas pela pol\u00edtica industrial  nacional e pela Estrat\u00e9gia Nacional de Ci\u00eancia, Tecnologia e Inova\u00e7\u00e3o, alinhadas  aos programas de pesquisa, desenvolvimento e inova\u00e7\u00e3o conduzidos pelo  Inmetro.  <\/p>\n<p>O respons\u00e1vel pela  apresenta\u00e7\u00e3o da proposta deve possuir t\u00edtulo de&nbsp;Doutor&nbsp;h\u00e1 pelo menos cinco anos,  ser obrigatoriamente o coordenador da proposta e ter v\u00ednculo formal com a  institui\u00e7\u00e3o executora. As inscri\u00e7\u00f5es v\u00e3o at\u00e9 dia 31 de mar\u00e7o. O resultado  preliminar ser\u00e1 divulgado no dia 11 de maio, e o final, em 11 de  junho.  <\/p>\n<p>Os  projetos ter\u00e3o o prazo m\u00e1ximo de tr\u00eas anos para execu\u00e7\u00e3o e poder\u00e3o contar com a  infraestrutura laboratorial do Campus do Inmetro, em Xer\u00e9m, no Rio de Janeiro,  que abriga 45 laborat\u00f3rios de ponta e equipamentos de \u00faltima gera\u00e7\u00e3o. Mais  informa\u00e7\u00f5es est\u00e3o dispon\u00edveis na \u00edntegra do&nbsp;<a href=\"https:\/\/www.capes.gov.br\/images\/stories\/download\/editais\/Edital-RELAI-Inmetro-76-2014.pdf\" target=\"_blank\">edital<\/a>.  &nbsp; <\/p>\n<p>Criada em 2013 pelo Inmetro, a Relai j\u00e1 tem projetos em  laborat\u00f3rios de duas universidades, na Universidade Federal de Minas Gerais  (UFMG) e na Universidade de Caxias do Sul (UCS), que t\u00eam mostrado grande  potencial para impulsionar a ind\u00fastria no&nbsp;Pa\u00eds.  <\/p>\n<p>No instituto de Materiais  Cer\u00e2micos da UCS, est\u00e3o sendo feitas pesquisas para buscar materiais  alternativos para a ind\u00fastria, como&nbsp;cer\u00e2micas, comp\u00f3sitos&nbsp;e cimentos de alta  qualidade, com baixo impacto ambiental e com ciclo sustent\u00e1vel, com o apoio da  multinacional Netzsch GmbH, empresa alem\u00e3 fabricante de instrumentos de an\u00e1lise  t\u00e9rmica. <\/p>\n<p>J\u00e1 na UFMG, o Laborat\u00f3rio de Nanoespectroscopia (LabNS) trabalha  no desenvolvimento de um m\u00e9todo inovador para analisar a emiss\u00e3o de particulados  emitidos no ar por empresas de minera\u00e7\u00e3o, e de novos equipamentos para an\u00e1lise  qu\u00edmica e estrutural. <\/p>\n<p>&nbsp; <\/p>\n<p>Bras\u00edlia, 14h47min <\/p>\n<\/div>\n<p><i><\/i><\/div>\n<\/div>\n","protected":false},"excerpt":{"rendered":"<p>Em parceria com universidades, centros de pesquisa e ag\u00eancias de fomento federais, autarquia pretende ampliar conex\u00e3o entre ci\u00eancia e ind\u00fastria. As inscri\u00e7\u00f5es v\u00e3o at\u00e9 dia 31 de mar\u00e7o. O resultado preliminar ser\u00e1 divulgado no dia 11 de maio, e o final, em 11 de junho. O Instituto Nacional de Metrologia, Qualidade e Tecnologia (Inmetro) e a Coordena\u00e7\u00e3o de Aperfei\u00e7oamento de [&hellip;]<\/p>\n","protected":false},"author":27,"featured_media":0,"comment_status":"open","ping_status":"open","sticky":false,"template":"","format":"standard","meta":{"footnotes":""},"categories":[1],"tags":[],"class_list":["post-86","post","type-post","status-publish","format-standard","hentry","category-sem-categoria"],"_links":{"self":[{"href":"https:\/\/blogs.correiobraziliense.com.br\/servidor\/wp-json\/wp\/v2\/posts\/86","targetHints":{"allow":["GET"]}}],"collection":[{"href":"https:\/\/blogs.correiobraziliense.com.br\/servidor\/wp-json\/wp\/v2\/posts"}],"about":[{"href":"https:\/\/blogs.correiobraziliense.com.br\/servidor\/wp-json\/wp\/v2\/types\/post"}],"author":[{"embeddable":true,"href":"https:\/\/blogs.correiobraziliense.com.br\/servidor\/wp-json\/wp\/v2\/users\/27"}],"replies":[{"embeddable":true,"href":"https:\/\/blogs.correiobraziliense.com.br\/servidor\/wp-json\/wp\/v2\/comments?post=86"}],"version-history":[{"count":0,"href":"https:\/\/blogs.correiobraziliense.com.br\/servidor\/wp-json\/wp\/v2\/posts\/86\/revisions"}],"wp:attachment":[{"href":"https:\/\/blogs.correiobraziliense.com.br\/servidor\/wp-json\/wp\/v2\/media?parent=86"}],"wp:term":[{"taxonomy":"category","embeddable":true,"href":"https:\/\/blogs.correiobraziliense.com.br\/servidor\/wp-json\/wp\/v2\/categories?post=86"},{"taxonomy":"post_tag","embeddable":true,"href":"https:\/\/blogs.correiobraziliense.com.br\/servidor\/wp-json\/wp\/v2\/tags?post=86"}],"curies":[{"name":"wp","href":"https:\/\/api.w.org\/{rel}","templated":true}]}}