{"id":8583,"date":"2018-03-21T19:56:29","date_gmt":"2018-03-21T22:56:29","guid":{"rendered":"https:\/\/blogs.correiobraziliense.com.br\/servidor\/?p=8583"},"modified":"2018-03-21T19:56:29","modified_gmt":"2018-03-21T22:56:29","slug":"anpr-repudia-declaracoes-de-gilmar-mendes-sobre-eike","status":"publish","type":"post","link":"https:\/\/blogs.correiobraziliense.com.br\/servidor\/anpr-repudia-declaracoes-de-gilmar-mendes-sobre-eike\/","title":{"rendered":"ANPR repudia declara\u00e7\u00f5es de Gilmar Mendes sobre Eike"},"content":{"rendered":"<div><em>A Associa\u00e7\u00e3o Nacional dos Procuradores da Rep\u00fablica (ANPR) condenou as &#8220;conjecturas teratol\u00f3gicas e irrespons\u00e1veis, incab\u00edveis na voz de um ministro da Suprema Corte&#8221;<\/em><\/div>\n<div><\/div>\n<div>Veja a nota:<\/div>\n<div><\/div>\n<div>A Associa\u00e7\u00e3o Nacional dos Procuradores da Rep\u00fablica (ANPR) repudia veemente a declara\u00e7\u00e3o do ministro do Supremo Tribunal Federal (STF) Gilmar Mendes sobre procuradores da Rep\u00fablica do Rio de Janeiro terem amea\u00e7ado o empres\u00e1rio Eike Batista de ser estuprado na pris\u00e3o e filmado nestas condi\u00e7\u00f5es, segundo not\u00edcia publicada no site Migalhas, na \u00faltima ter\u00e7a-feira (20).<\/div>\n<div><\/div>\n<div>Informa\u00e7\u00f5es ditas com base em \u201couviu dizer\u201d, com conjecturas teratol\u00f3gicas e irrespons\u00e1veis s\u00e3o incab\u00edveis na voz de um ministro da Suprema Corte. \u00c9 lament\u00e1vel que um ministro do STF use a sua posi\u00e7\u00e3o, de forma reiterada, para atacar investigadores. Os procuradores da Rep\u00fablica sempre primaram pelo respeito e dignidade de todos os cidad\u00e3os. Os membros do Minist\u00e9rio P\u00fablico Federal (MPF) que atuam no caso sempre o fizeram e fazem no mais alto n\u00edvel de atitudes, respeito aos direitos humanos e qualidade t\u00e9cnica.<\/div>\n<div><\/div>\n<div>A ANPR espera sempre que coment\u00e1rios de tal grau de leviandade sejam evitados pelas autoridades p\u00fablicas e que o trabalho dos investigadores do MPF seja respeitado. Os procuradores da Rep\u00fablica que atuam no caso t\u00eam integral solidariedade dos seus colegas de todo o pa\u00eds.<\/div>\n<div><\/div>\n<div><strong>Jos\u00e9 Robalinho Cavalcanti<\/strong><\/div>\n<div>Procurador Regional da Rep\u00fablica<\/div>\n<div>Presidente da ANPR<\/div>\n","protected":false},"excerpt":{"rendered":"<p>A Associa\u00e7\u00e3o Nacional dos Procuradores da Rep\u00fablica (ANPR) condenou as &#8220;conjecturas teratol\u00f3gicas e irrespons\u00e1veis, incab\u00edveis na voz de um ministro da Suprema Corte&#8221; Veja a nota: A Associa\u00e7\u00e3o Nacional dos Procuradores da Rep\u00fablica (ANPR) repudia veemente a declara\u00e7\u00e3o do ministro do Supremo Tribunal Federal (STF) Gilmar Mendes sobre procuradores da Rep\u00fablica do Rio de Janeiro terem amea\u00e7ado o empres\u00e1rio Eike [&hellip;]<\/p>\n","protected":false},"author":27,"featured_media":0,"comment_status":"open","ping_status":"closed","sticky":false,"template":"","format":"standard","meta":{"footnotes":""},"categories":[2719],"tags":[11831,5053,4959,11830,1213,1218,1922,5209,11814,2043,11815,11829,3455,8361,453,1038,1235,787,650,369],"class_list":["post-8583","post","type-post","status-publish","format-standard","hentry","category-servidor","tag-alto-nivel","tag-ameacado","tag-anpr","tag-atacar","tag-cidadaos","tag-declaracoes","tag-dignidade","tag-direitos-humanos","tag-eike-batista","tag-empresario","tag-estuprado","tag-filmado","tag-gilmar-mendes","tag-investigadores","tag-mpf","tag-prisao","tag-procuradores","tag-qualidade","tag-repudia","tag-tecnica"],"_links":{"self":[{"href":"https:\/\/blogs.correiobraziliense.com.br\/servidor\/wp-json\/wp\/v2\/posts\/8583","targetHints":{"allow":["GET"]}}],"collection":[{"href":"https:\/\/blogs.correiobraziliense.com.br\/servidor\/wp-json\/wp\/v2\/posts"}],"about":[{"href":"https:\/\/blogs.correiobraziliense.com.br\/servidor\/wp-json\/wp\/v2\/types\/post"}],"author":[{"embeddable":true,"href":"https:\/\/blogs.correiobraziliense.com.br\/servidor\/wp-json\/wp\/v2\/users\/27"}],"replies":[{"embeddable":true,"href":"https:\/\/blogs.correiobraziliense.com.br\/servidor\/wp-json\/wp\/v2\/comments?post=8583"}],"version-history":[{"count":1,"href":"https:\/\/blogs.correiobraziliense.com.br\/servidor\/wp-json\/wp\/v2\/posts\/8583\/revisions"}],"predecessor-version":[{"id":8584,"href":"https:\/\/blogs.correiobraziliense.com.br\/servidor\/wp-json\/wp\/v2\/posts\/8583\/revisions\/8584"}],"wp:attachment":[{"href":"https:\/\/blogs.correiobraziliense.com.br\/servidor\/wp-json\/wp\/v2\/media?parent=8583"}],"wp:term":[{"taxonomy":"category","embeddable":true,"href":"https:\/\/blogs.correiobraziliense.com.br\/servidor\/wp-json\/wp\/v2\/categories?post=8583"},{"taxonomy":"post_tag","embeddable":true,"href":"https:\/\/blogs.correiobraziliense.com.br\/servidor\/wp-json\/wp\/v2\/tags?post=8583"}],"curies":[{"name":"wp","href":"https:\/\/api.w.org\/{rel}","templated":true}]}}