{"id":8581,"date":"2018-03-21T18:53:59","date_gmt":"2018-03-21T21:53:59","guid":{"rendered":"https:\/\/blogs.correiobraziliense.com.br\/servidor\/?p=8581"},"modified":"2018-03-21T18:53:59","modified_gmt":"2018-03-21T21:53:59","slug":"psol-entra-com-representacao-contra-fraga-no-conselho-de-etica-da-camara","status":"publish","type":"post","link":"https:\/\/blogs.correiobraziliense.com.br\/servidor\/psol-entra-com-representacao-contra-fraga-no-conselho-de-etica-da-camara\/","title":{"rendered":"PSOL entra com representa\u00e7\u00e3o contra Fraga no Conselho de \u00c9tica da C\u00e2mara"},"content":{"rendered":"<p><em>O PSOL protocolou na tarde desta quarta-feira (21), no Conselho de \u00c9tica da C\u00e2mara, representa\u00e7\u00e3o contra o deputado Alberto Fraga (DEM-DF), que publicou, em sua conta no Twitter, &#8220;mentiras contra a vereadora Marielle Franco, assassinada no \u00faltimo dia 14, no Rio de Janeiro&#8221;, informou o partido pol\u00edtico<\/em><\/p>\n<p>A iniciativa do partido \u00e9 mais uma a\u00e7\u00e3o para impedir que a mem\u00f3ria da vereadora seja manchada por quem s\u00f3 quer destilar o \u00f3dio contra aqueles que lutam em defesa dos direitos humanos. Na representa\u00e7\u00e3o, o PSOL pede a abertura de processo disciplinar para investigar Alberto Fraga por quebra de decoro parlamentar, o que poder\u00e1 resultar na cassa\u00e7\u00e3o do seu mandato.<\/p>\n<p>&#8220;Ele n\u00e3o apenas quebrou o decoro num momento de luto da vida nacional, como produziu mentiras e, num abuso de prerrogativas, ainda disse que n\u00e3o se arrependia do que havia feito&#8221;, afirmou o l\u00edder do partido na C\u00e2mara, deputado Ivan Valente.<\/p>\n","protected":false},"excerpt":{"rendered":"<p>O PSOL protocolou na tarde desta quarta-feira (21), no Conselho de \u00c9tica da C\u00e2mara, representa\u00e7\u00e3o contra o deputado Alberto Fraga (DEM-DF), que publicou, em sua conta no Twitter, &#8220;mentiras contra a vereadora Marielle Franco, assassinada no \u00faltimo dia 14, no Rio de Janeiro&#8221;, informou o partido pol\u00edtico A iniciativa do partido \u00e9 mais uma a\u00e7\u00e3o para impedir que a mem\u00f3ria [&hellip;]<\/p>\n","protected":false},"author":27,"featured_media":0,"comment_status":"open","ping_status":"closed","sticky":false,"template":"","format":"standard","meta":{"footnotes":""},"categories":[2719],"tags":[11828,61,11533,9527,359,5209,3636,11753,6500,4848,4228,829,1157,3701,11827,11791],"class_list":["post-8581","post","type-post","status-publish","format-standard","hentry","category-servidor","tag-alberto-fraga","tag-camara","tag-conselho-de-etica","tag-decoro","tag-deputado","tag-direitos-humanos","tag-disciplinar","tag-marielle-franco","tag-memoria","tag-mentiras","tag-odio","tag-parlamentar","tag-processo","tag-psol","tag-rerpesentacao","tag-vereadora"],"_links":{"self":[{"href":"https:\/\/blogs.correiobraziliense.com.br\/servidor\/wp-json\/wp\/v2\/posts\/8581","targetHints":{"allow":["GET"]}}],"collection":[{"href":"https:\/\/blogs.correiobraziliense.com.br\/servidor\/wp-json\/wp\/v2\/posts"}],"about":[{"href":"https:\/\/blogs.correiobraziliense.com.br\/servidor\/wp-json\/wp\/v2\/types\/post"}],"author":[{"embeddable":true,"href":"https:\/\/blogs.correiobraziliense.com.br\/servidor\/wp-json\/wp\/v2\/users\/27"}],"replies":[{"embeddable":true,"href":"https:\/\/blogs.correiobraziliense.com.br\/servidor\/wp-json\/wp\/v2\/comments?post=8581"}],"version-history":[{"count":1,"href":"https:\/\/blogs.correiobraziliense.com.br\/servidor\/wp-json\/wp\/v2\/posts\/8581\/revisions"}],"predecessor-version":[{"id":8582,"href":"https:\/\/blogs.correiobraziliense.com.br\/servidor\/wp-json\/wp\/v2\/posts\/8581\/revisions\/8582"}],"wp:attachment":[{"href":"https:\/\/blogs.correiobraziliense.com.br\/servidor\/wp-json\/wp\/v2\/media?parent=8581"}],"wp:term":[{"taxonomy":"category","embeddable":true,"href":"https:\/\/blogs.correiobraziliense.com.br\/servidor\/wp-json\/wp\/v2\/categories?post=8581"},{"taxonomy":"post_tag","embeddable":true,"href":"https:\/\/blogs.correiobraziliense.com.br\/servidor\/wp-json\/wp\/v2\/tags?post=8581"}],"curies":[{"name":"wp","href":"https:\/\/api.w.org\/{rel}","templated":true}]}}