{"id":8577,"date":"2018-03-21T16:01:48","date_gmt":"2018-03-21T19:01:48","guid":{"rendered":"https:\/\/blogs.correiobraziliense.com.br\/servidor\/?p=8577"},"modified":"2018-03-21T16:01:48","modified_gmt":"2018-03-21T19:01:48","slug":"servidores-da-assistencia-social-fazem-assembleia-popular-nesta-quinta-22","status":"publish","type":"post","link":"https:\/\/blogs.correiobraziliense.com.br\/servidor\/servidores-da-assistencia-social-fazem-assembleia-popular-nesta-quinta-22\/","title":{"rendered":"Servidores da assist\u00eancia social fazem assembleia popular nesta quinta (22)"},"content":{"rendered":"<p><i>Ato \u00e9 realizado em frente ao Anexo do Pal\u00e1cio do Buriti e tem objetivo de conscientizar popula\u00e7\u00e3o. informa o Sindsasc. O sindicato estima que, devido \u00e0 falta de negocia\u00e7\u00e3o imposta por Rodrigo Rollemberg, um total de 100 mil fam\u00edlias est\u00e3o sem atendimento de assist\u00eancia social no DF<br \/>\n<\/i><\/p>\n<p>Os servidores da assist\u00eancia social do DF, em greve desde 2 de mar\u00e7o, fazem nesta quinta-feira (22), \u00e0s 10h, no Anexo do Pal\u00e1cio do Buriti, uma assembleia popular. Com a reuni\u00e3o aberta ao p\u00fablico, o comando de greve pretende manter a transpar\u00eancia do movimento e inteirar a popula\u00e7\u00e3o sobre suas demandas negligenciadas pelo governador Rodrigo Rollemberg. \u201cDesde o in\u00edcio da greve, n\u00f3s dialogamos com a popula\u00e7\u00e3o para explicar os motivos da paralisa\u00e7\u00e3o e falar sobre nossas reivindica\u00e7\u00f5es. Queremos mostrar como a falta de negocia\u00e7\u00e3o com a classe causa preju\u00edzos \u00e0 popula\u00e7\u00e3o\u201d, explica Clayton Avelar, presidente do Sindicato dos Servidores da Assist\u00eancia Social e Cultural do GDF (Sindsasc).<\/p>\n<p>Na lista de reivindica\u00e7\u00f5es da classe est\u00e3o o pagamento retroativo do aumento salarial, em atraso desde novembro de 2015; a realiza\u00e7\u00e3o de concurso p\u00fablico para suprir o d\u00e9ficit estimado em 2.600 trabalhadores da carreira; o pagamento de benef\u00edcios como vale-alimenta\u00e7\u00e3o e licen\u00e7as-pr\u00eamio; melhores condi\u00e7\u00f5es de trabalho para os servidores das Unidades de Acolhimento; melhoria do Secat (Setor de Cadastro), que apresenta constantes falhas em seu sistema de atendimento; a disponibiliza\u00e7\u00e3o da quantidade necess\u00e1ria de material de trabalho nos Centros de Conviv\u00eancia; transporte para os servidores; e a designa\u00e7\u00e3o correta para o trabalho nos CREAS, que t\u00eam assumido a destina\u00e7\u00e3o dos Centros Pop.<\/p>\n<p><strong>Atendimento prejudicado<br \/>\n<\/strong>O Sindsasc estima que, devido \u00e0 falta de negocia\u00e7\u00e3o imposta por Rodrigo Rollemberg, um total de 100 mil fam\u00edlias est\u00e3o sem atendimento de assist\u00eancia social no DF. A atua\u00e7\u00e3o dos servidores da classe \u00e9 destinada aos benefici\u00e1rios de programas sociais, mulheres v\u00edtimas de viol\u00eancia e em situa\u00e7\u00e3o de perigo, pessoas em situa\u00e7\u00e3o de rua e desabrigados, crian\u00e7as sem guarda ou que est\u00e3o sob a tutela do Estado, idosos, pessoas com defici\u00eancia mental e v\u00edtimas de tr\u00e1fico de pessoas.<\/p>\n<p>Apenas o contingente m\u00ednimo de 30% de servidores da categoria est\u00e1 em atividade nas unidades de atendimento ininterrupto. Um total de 1.530 trabalhadores, o correspondente a 90% dos sindicalizados, aderiram ao movimento.<\/p>\n<p><strong>Negocia\u00e7\u00e3o exigida<br \/>\n<\/strong>A classe tem buscado mecanismos para ter reivindica\u00e7\u00f5es atendidas e, assim, poder encerrar a greve. O sindicato participou de uma audi\u00eancia no TCDF (Tribunal de Contas do Distrito Federal), no \u00faltimo dia 14, para pedir esclarecimentos ao GDF sobre a falta de di\u00e1logo com os trabalhadores da categoria.<\/p>\n<p>Os servidores da assist\u00eancia social do GDF est\u00e3o resguardados por meio de decis\u00e3o do TJDFT (Tribunal de Justi\u00e7a do Distrito Federal e dos Territ\u00f3rios), de que haja corte de ponto e o desconto dos dias de paralisa\u00e7\u00e3o.<\/p>\n","protected":false},"excerpt":{"rendered":"<p>Ato \u00e9 realizado em frente ao Anexo do Pal\u00e1cio do Buriti e tem objetivo de conscientizar popula\u00e7\u00e3o. informa o Sindsasc. O sindicato estima que, devido \u00e0 falta de negocia\u00e7\u00e3o imposta por Rodrigo Rollemberg, um total de 100 mil fam\u00edlias est\u00e3o sem atendimento de assist\u00eancia social no DF Os servidores da assist\u00eancia social do DF, em greve desde 2 de mar\u00e7o, [&hellip;]<\/p>\n","protected":false},"author":27,"featured_media":0,"comment_status":"open","ping_status":"closed","sticky":false,"template":"","format":"standard","meta":{"footnotes":""},"categories":[2719],"tags":[518,2108,551,75,852,93,4898,11822,8483,42,151,5643,545,5924,1518,3796,58,11776,11823],"class_list":["post-8577","post","type-post","status-publish","format-standard","hentry","category-servidor","tag-assembleia","tag-assistencia-social","tag-atendimento","tag-aumento","tag-beneficios","tag-concurso","tag-familias","tag-fewcw","tag-licencas-premio","tag-negociacao","tag-pagamento","tag-palacio-buriti","tag-populacao","tag-popular","tag-prejuizos","tag-retroativo","tag-servidores","tag-sindsasc","tag-vale-alimentacao"],"_links":{"self":[{"href":"https:\/\/blogs.correiobraziliense.com.br\/servidor\/wp-json\/wp\/v2\/posts\/8577","targetHints":{"allow":["GET"]}}],"collection":[{"href":"https:\/\/blogs.correiobraziliense.com.br\/servidor\/wp-json\/wp\/v2\/posts"}],"about":[{"href":"https:\/\/blogs.correiobraziliense.com.br\/servidor\/wp-json\/wp\/v2\/types\/post"}],"author":[{"embeddable":true,"href":"https:\/\/blogs.correiobraziliense.com.br\/servidor\/wp-json\/wp\/v2\/users\/27"}],"replies":[{"embeddable":true,"href":"https:\/\/blogs.correiobraziliense.com.br\/servidor\/wp-json\/wp\/v2\/comments?post=8577"}],"version-history":[{"count":1,"href":"https:\/\/blogs.correiobraziliense.com.br\/servidor\/wp-json\/wp\/v2\/posts\/8577\/revisions"}],"predecessor-version":[{"id":8578,"href":"https:\/\/blogs.correiobraziliense.com.br\/servidor\/wp-json\/wp\/v2\/posts\/8577\/revisions\/8578"}],"wp:attachment":[{"href":"https:\/\/blogs.correiobraziliense.com.br\/servidor\/wp-json\/wp\/v2\/media?parent=8577"}],"wp:term":[{"taxonomy":"category","embeddable":true,"href":"https:\/\/blogs.correiobraziliense.com.br\/servidor\/wp-json\/wp\/v2\/categories?post=8577"},{"taxonomy":"post_tag","embeddable":true,"href":"https:\/\/blogs.correiobraziliense.com.br\/servidor\/wp-json\/wp\/v2\/tags?post=8577"}],"curies":[{"name":"wp","href":"https:\/\/api.w.org\/{rel}","templated":true}]}}