{"id":8575,"date":"2018-03-21T15:31:28","date_gmt":"2018-03-21T18:31:28","guid":{"rendered":"https:\/\/blogs.correiobraziliense.com.br\/servidor\/?p=8575"},"modified":"2018-03-21T15:31:28","modified_gmt":"2018-03-21T18:31:28","slug":"mpfrj-nota-publica","status":"publish","type":"post","link":"https:\/\/blogs.correiobraziliense.com.br\/servidor\/mpfrj-nota-publica\/","title":{"rendered":"MPF\/RJ &#8211; Nota p\u00fablica"},"content":{"rendered":"<p><em>A prop\u00f3sito da not\u00edcia publicada no Jornal Migalhas na data de ontem (21 de mar\u00e7o de2018) com o t\u00edtulo \u201cGilmar Mendes conta que procuradores do RJ amea\u00e7aram Eike de ser estuprado na pris\u00e3o\u201d, os procuradores da Lava Jato no Rio de Janeiro v\u00eam repudiar com veem\u00eancia a afirma\u00e7\u00e3o irrespons\u00e1vel e leviana que teria sido lan\u00e7ada em sess\u00e3o de\u00a0 julgamento do STF<\/em><\/p>\n<p>Veja a nota:<\/p>\n<p>&#8220;O m\u00ednimo que se espera de um ministro da mais alta Corte do pa\u00eds \u00e9 que profira seus votos com base em elementos de convic\u00e7\u00e3o seguros e de prefer\u00eancia produzidos nos autos do caso a ser julgado , n\u00e3o em insinua\u00e7\u00f5es ou aleivosias lan\u00e7adas a partir de vers\u00f5es por \u201couvir dizer\u201d.<\/p>\n<p>Os procuradores da Lava Jato afirmam que sempre primaram pela dignidade de todas as pessoas conduzidas \u00e0 pris\u00e3o nas v\u00e1rias fases da opera\u00e7\u00e3o no RJ, fiscalizando o cumprimento da lei e o respeito aos seus direitos, inclusive acompanhado pessoalmente as buscas e pris\u00f5es. Por duas vezes os membros do MPF visitaram as cust\u00f3dias de Bangu e Benfica, entrevistando todos os presos sobre as suas condi\u00e7\u00f5es no c\u00e1rcere e o respeito \u00e0s garantias que a lei lhes confere, incluindo o sr Eike Batista. Tanto assim que se fizeram acompanhar da Procuradoria Regional dos Direitos do Cidad\u00e3o.<\/p>\n<p>Os membros da Lava Jato no RJ se sentiram profundamente ofendidos com as injustas palavras assacadas pelo ministro Gilmar Mendes,\u00a0 porque absolutamente dissonantes da realidade e principalmente do zelo que t\u00eam buscado conferir\u00a0 na condu\u00e7\u00e3o dos complexos e desgastantes trabalhos de repress\u00e3o ao crime organizado e \u00e0 corrup\u00e7\u00e3o que assolam o nosso Estado.<\/p>\n<p>Procuradores da For\u00e7a Tarefa da Lava Jato no Rio de Janeiro&#8221;<\/p>\n","protected":false},"excerpt":{"rendered":"<p>A prop\u00f3sito da not\u00edcia publicada no Jornal Migalhas na data de ontem (21 de mar\u00e7o de2018) com o t\u00edtulo \u201cGilmar Mendes conta que procuradores do RJ amea\u00e7aram Eike de ser estuprado na pris\u00e3o\u201d, os procuradores da Lava Jato no Rio de Janeiro v\u00eam repudiar com veem\u00eancia a afirma\u00e7\u00e3o irrespons\u00e1vel e leviana que teria sido lan\u00e7ada em sess\u00e3o de\u00a0 julgamento do [&hellip;]<\/p>\n","protected":false},"author":27,"featured_media":0,"comment_status":"open","ping_status":"closed","sticky":false,"template":"","format":"standard","meta":{"footnotes":""},"categories":[2719],"tags":[11819,11817,11813,11818,1922,11814,5912,11815,3455,11820,8835,1949,4371,9214,1131,1038,1235,11816,2943,2227,34,11821],"class_list":["post-8575","post","type-post","status-publish","format-standard","hentry","category-servidor","tag-acutos","tag-afirmacao","tag-ameacaram","tag-conviccao","tag-dignidade","tag-eike-batista","tag-elementos","tag-estuprado","tag-gilmar-mendes","tag-insinuacoes","tag-irresponsavel","tag-julgamento","tag-leviana","tag-mpfrj","tag-nota-publica","tag-prisao","tag-procuradores","tag-repudiar","tag-rj","tag-sessao","tag-stf","tag-vrsoes"],"_links":{"self":[{"href":"https:\/\/blogs.correiobraziliense.com.br\/servidor\/wp-json\/wp\/v2\/posts\/8575","targetHints":{"allow":["GET"]}}],"collection":[{"href":"https:\/\/blogs.correiobraziliense.com.br\/servidor\/wp-json\/wp\/v2\/posts"}],"about":[{"href":"https:\/\/blogs.correiobraziliense.com.br\/servidor\/wp-json\/wp\/v2\/types\/post"}],"author":[{"embeddable":true,"href":"https:\/\/blogs.correiobraziliense.com.br\/servidor\/wp-json\/wp\/v2\/users\/27"}],"replies":[{"embeddable":true,"href":"https:\/\/blogs.correiobraziliense.com.br\/servidor\/wp-json\/wp\/v2\/comments?post=8575"}],"version-history":[{"count":1,"href":"https:\/\/blogs.correiobraziliense.com.br\/servidor\/wp-json\/wp\/v2\/posts\/8575\/revisions"}],"predecessor-version":[{"id":8576,"href":"https:\/\/blogs.correiobraziliense.com.br\/servidor\/wp-json\/wp\/v2\/posts\/8575\/revisions\/8576"}],"wp:attachment":[{"href":"https:\/\/blogs.correiobraziliense.com.br\/servidor\/wp-json\/wp\/v2\/media?parent=8575"}],"wp:term":[{"taxonomy":"category","embeddable":true,"href":"https:\/\/blogs.correiobraziliense.com.br\/servidor\/wp-json\/wp\/v2\/categories?post=8575"},{"taxonomy":"post_tag","embeddable":true,"href":"https:\/\/blogs.correiobraziliense.com.br\/servidor\/wp-json\/wp\/v2\/tags?post=8575"}],"curies":[{"name":"wp","href":"https:\/\/api.w.org\/{rel}","templated":true}]}}