{"id":8569,"date":"2018-03-21T14:32:56","date_gmt":"2018-03-21T17:32:56","guid":{"rendered":"https:\/\/blogs.correiobraziliense.com.br\/servidor\/?p=8569"},"modified":"2018-03-21T14:32:56","modified_gmt":"2018-03-21T17:32:56","slug":"com-eleicoes-caminho-analista-preve-crescimento-com-ressalvas-para-o-brasil","status":"publish","type":"post","link":"https:\/\/blogs.correiobraziliense.com.br\/servidor\/com-eleicoes-caminho-analista-preve-crescimento-com-ressalvas-para-o-brasil\/","title":{"rendered":"Com elei\u00e7\u00f5es a caminho, analista prev\u00ea crescimento  com ressalvas para o Brasil"},"content":{"rendered":"<p><i>Estimativa foi divulgada em reuni\u00e3o de Consenso Econ\u00f4mico\u00a0do G100 Brasil. \u00c9 importante que o pr\u00f3ximo presidente da Rep\u00fablica tenha a governabilidade necess\u00e1ria para desenvolver um rigoroso projeto econ\u00f4mico e que batalhe pelo avan\u00e7o de reformas em setores importantes, como a Previd\u00eancia\u00a0e os ajustes fiscais.<br \/>\n<\/i><\/p>\n<p>O\u00a0economista-chefe do Santander, Maur\u00edcio Kehdi Molan, apresentou suas previs\u00f5es para a economia brasileira nos pr\u00f3ximos anos, durante reuni\u00e3o de Consenso Econ\u00f4mico do G100 Brasil. Ap\u00f3s um crescimento m\u00ednimo do PIB em 2017, ele enxerga que o pa\u00eds tem potencial para\u00a0uma importante recupera\u00e7\u00e3o entre 2018 e 2019. Entretanto, este crescimento depende das decis\u00f5es tomadas no Executivo, ap\u00f3s as elei\u00e7\u00f5es, que dever\u00e3o favorecer o avan\u00e7o das reformas e permitir o investimento externo no pa\u00eds.<\/p>\n<p>O\u00a0economista comenta que desde a divulga\u00e7\u00e3o dos dados de crescimento do pa\u00eds, em janeiro, as previs\u00f5es s\u00e3o favor\u00e1veis para o mercado. Muitos especialistas projetam um aumento entre 2,5% e 3% no PIB, com estabilidade na taxa Selic entre 7% a 6,5% para 2018. Para\u00a0ele, este otimismo resulta do excesso de capacidade na ind\u00fastria, que tem desfrutado do conv\u00edvio de infla\u00e7\u00e3o e juros baixos no per\u00edodo. \u201cTais fatores proporcionam espa\u00e7o para que o mercado d\u00ea vaz\u00e3o a demanda reprimida e aumente o consumo\u201d, comenta.<\/p>\n<p>Apesar do ambiente ser mais favor\u00e1vel que o do ano passado, influenciadores externos como a tend\u00eancia de protecionismo de grandes mercados e a falta de pol\u00edticas que favore\u00e7am o investimento internacional, fazem com que o Brasil ainda tenha certas inseguran\u00e7as para o futuro. \u201cTemos desafios important\u00edssimos para o m\u00e9dio prazo. A partir de 2020,\u00a0com uma condi\u00e7\u00e3o internacional mais adversa, com aumento de protecionismo na economia global, desafios fiscais relevantes e aus\u00eancia de pol\u00edticas voltadas para o aumento da competitividade do Brasil representar\u00e3o desafios importantes para sustentar este crescimento\u201d,\u00a0acrescenta o economista.<\/p>\n<p>Para Molan, o pa\u00eds tem uma oportunidade excepcional para fazer sua li\u00e7\u00e3o de casa\u00a0e se preparar para as novas adversidades. Para isto, \u00e9 necess\u00e1rio que o pr\u00f3ximo Presidente da Rep\u00fablica tenha a governabilidade necess\u00e1ria para desenvolver um rigoroso projeto econ\u00f4mico e que batalhe pelo avan\u00e7o de reformas em setores importantes, como a Previd\u00eancia\u00a0e os ajustes fiscais.<\/p>\n<p><strong>Sobre o G100 Brasil &#8211;\u00a0<\/strong>Composto\u00a0de 100 Membros (empres\u00e1rios, presidentes e CEOs), mais 15 Membros (economistas-chefes e cientistas pol\u00edticos) efetivos e nomeados, re\u00fane destacadas lideran\u00e7as empresariais do pa\u00eds em busca do desenvolvimento da sociedade e de suas organiza\u00e7\u00f5es, em reuni\u00f5es\u00a0mensais fechadas e restritas aos seus membros.<\/p>\n","protected":false},"excerpt":{"rendered":"<p>Estimativa foi divulgada em reuni\u00e3o de Consenso Econ\u00f4mico\u00a0do G100 Brasil. \u00c9 importante que o pr\u00f3ximo presidente da Rep\u00fablica tenha a governabilidade necess\u00e1ria para desenvolver um rigoroso projeto econ\u00f4mico e que batalhe pelo avan\u00e7o de reformas em setores importantes, como a Previd\u00eancia\u00a0e os ajustes fiscais. O\u00a0economista-chefe do Santander, Maur\u00edcio Kehdi Molan, apresentou suas previs\u00f5es para a economia brasileira nos pr\u00f3ximos anos, [&hellip;]<\/p>\n","protected":false},"author":27,"featured_media":0,"comment_status":"open","ping_status":"closed","sticky":false,"template":"","format":"standard","meta":{"footnotes":""},"categories":[2719],"tags":[11802,1066,164,11798,795,11803,2021,9,11799,7916,198,7738,81,549,2142,11801,11797,11800,5818],"class_list":["post-8569","post","type-post","status-publish","format-standard","hentry","category-servidor","tag-ajustes-fiscais","tag-analista","tag-brasil","tag-consenso-economico","tag-crescimento","tag-deisoes","tag-eleicoes","tag-executivo","tag-g100-brasil","tag-governabilidade","tag-pais","tag-potencial","tag-presidente","tag-previdencia","tag-recuperacao","tag-reforcas","tag-ressalvas","tag-rigoroso","tag-setores"],"_links":{"self":[{"href":"https:\/\/blogs.correiobraziliense.com.br\/servidor\/wp-json\/wp\/v2\/posts\/8569","targetHints":{"allow":["GET"]}}],"collection":[{"href":"https:\/\/blogs.correiobraziliense.com.br\/servidor\/wp-json\/wp\/v2\/posts"}],"about":[{"href":"https:\/\/blogs.correiobraziliense.com.br\/servidor\/wp-json\/wp\/v2\/types\/post"}],"author":[{"embeddable":true,"href":"https:\/\/blogs.correiobraziliense.com.br\/servidor\/wp-json\/wp\/v2\/users\/27"}],"replies":[{"embeddable":true,"href":"https:\/\/blogs.correiobraziliense.com.br\/servidor\/wp-json\/wp\/v2\/comments?post=8569"}],"version-history":[{"count":1,"href":"https:\/\/blogs.correiobraziliense.com.br\/servidor\/wp-json\/wp\/v2\/posts\/8569\/revisions"}],"predecessor-version":[{"id":8570,"href":"https:\/\/blogs.correiobraziliense.com.br\/servidor\/wp-json\/wp\/v2\/posts\/8569\/revisions\/8570"}],"wp:attachment":[{"href":"https:\/\/blogs.correiobraziliense.com.br\/servidor\/wp-json\/wp\/v2\/media?parent=8569"}],"wp:term":[{"taxonomy":"category","embeddable":true,"href":"https:\/\/blogs.correiobraziliense.com.br\/servidor\/wp-json\/wp\/v2\/categories?post=8569"},{"taxonomy":"post_tag","embeddable":true,"href":"https:\/\/blogs.correiobraziliense.com.br\/servidor\/wp-json\/wp\/v2\/tags?post=8569"}],"curies":[{"name":"wp","href":"https:\/\/api.w.org\/{rel}","templated":true}]}}