{"id":8567,"date":"2018-03-20T21:40:52","date_gmt":"2018-03-21T00:40:52","guid":{"rendered":"https:\/\/blogs.correiobraziliense.com.br\/servidor\/?p=8567"},"modified":"2018-03-20T21:40:52","modified_gmt":"2018-03-21T00:40:52","slug":"movimentos-populares-e-sindicalistas-fazem-ato-em-brasilia-pela-nao-privatizacao-da-eletrobras","status":"publish","type":"post","link":"https:\/\/blogs.correiobraziliense.com.br\/servidor\/movimentos-populares-e-sindicalistas-fazem-ato-em-brasilia-pela-nao-privatizacao-da-eletrobras\/","title":{"rendered":"Movimentos populares e sindicalistas fazem ato em Bras\u00edlia pela n\u00e3o privatiza\u00e7\u00e3o da Eletrobras"},"content":{"rendered":"<p><em>Movimentos populares e sindicalistas se unem nesta quarta-feira (21\/03), \u00e0s 9h, na sede da Eletrobras, em Bras\u00edlia, em mobiliza\u00e7\u00e3o contra a privatiza\u00e7\u00e3o da companhia. As entidades afirmam que o \u201cato p\u00fablico contra as privatiza\u00e7\u00f5es e em defesa da Eletrobras\u201d defender\u00e1 a maior estatal el\u00e9trica da Am\u00e9rica Latina, a seguran\u00e7a energ\u00e9tica do pa\u00eds, a soberania nacional e as \u00e1guas<\/em><\/p>\n<p>Para o ato s\u00e3o esperadas cerca de 1.500 pessoas, al\u00e9m dos mais de 600 manifestantes est\u00e3o reunidos no F\u00f3rum Alternativo Mundial da \u00c1gua (Fama), com a participa\u00e7\u00e3o de 170 pa\u00edses e 183 organiza\u00e7\u00f5es.\u00a0 O Fama \u00e9 um evento internacional, democr\u00e1tico e que pretende unificar a luta contra a tentativa das grandes corpora\u00e7\u00f5es em transformar a \u00e1gua em uma mercadoria, privatizando as reservas e fontes naturais de \u00e1gua, colocando este direito como um recurso inalcan\u00e7\u00e1vel para muitas popula\u00e7\u00f5es, que, com isso, sofrem exclus\u00e3o social, pobreza e se v\u00eam envolvidas em conflitos e guerras de todo o tipo.<\/p>\n<p><strong>Sobre a Privatiza\u00e7\u00e3o da Eletrobras:<\/strong><\/p>\n<p>O governo federal anunciou ano passado um pacote de privatiza\u00e7\u00f5es, colocando a Eletrobras na mira da iniciativa privada. A empresa \u00e9 respons\u00e1vel por mais da metade da energia el\u00e9trica consumida no pa\u00eds e controla 47 hidrel\u00e9tricas, 114 t\u00e9rmicas (energia gerada a partir da queima de carv\u00e3o, g\u00e1s ou \u00f3leo), 69 e\u00f3licas, e distribuidoras de energia de seis estados: Amazonas, Rond\u00f4nia e Roraima, al\u00e9m de Piau\u00ed, Alagoas e Acre, que est\u00e3o entre os estados com menor IDH do pa\u00eds.<\/p>\n<p>Ao entregar o controle da Eletrobras para o capital privado, o projeto de desestatiza\u00e7\u00e3o deixa de considerar a energia como um bem social, na \u00f3tica de um servi\u00e7o estatal cooperativo, transformando-a unicamente em mercadoria, dependente das oscila\u00e7\u00f5es da oferta e demanda, comandada apenas pela perspectiva do lucro. Como resultado, a privatiza\u00e7\u00e3o poder\u00e1 ainda restringir o acesso \u00e0 energia pela popula\u00e7\u00e3o com menor renda, visto que, de acordo com a Ag\u00eancia Nacional de Energia El\u00e9trica (Aneel), a venda impactar\u00e1, inicialmente, as contas de energia em, no m\u00ednimo, 17%. A proposta que altera o marco regulat\u00f3rio do setor el\u00e9trico tamb\u00e9m extinguir\u00e1 a \u201ctarifa social\u201d, que garante descontos na conta de energia para pessoas de baixa renda e beneficia mais de 8 milh\u00f5es de lares brasileiros. Segundo dados da Aneel, do total, 56% dos favorecidos pelo programa est\u00e3o na regi\u00e3o Nordeste e 24% na regi\u00e3o Sudeste.<\/p>\n<p>Estudos tamb\u00e9m apontam que a privatiza\u00e7\u00e3o significar\u00e1 a perda do controle sobre a vaz\u00e3o de rios, o que envolve a gest\u00e3o do uso m\u00faltiplo das \u00e1guas, tanto para gera\u00e7\u00e3o de energia, quanto para abastecimento, saneamento b\u00e1sico, irriga\u00e7\u00e3o e navega\u00e7\u00e3o. A preserva\u00e7\u00e3o do cora\u00e7\u00e3o da Amaz\u00f4nia \u00e9 outro fator que entrar\u00e1 em risco, pois o local, onde est\u00e1 um potencial a ser preservado, abriga uma s\u00e9rie de usinas.<\/p>\n<p>&nbsp;<\/p>\n","protected":false},"excerpt":{"rendered":"<p>Movimentos populares e sindicalistas se unem nesta quarta-feira (21\/03), \u00e0s 9h, na sede da Eletrobras, em Bras\u00edlia, em mobiliza\u00e7\u00e3o contra a privatiza\u00e7\u00e3o da companhia. As entidades afirmam que o \u201cato p\u00fablico contra as privatiza\u00e7\u00f5es e em defesa da Eletrobras\u201d defender\u00e1 a maior estatal el\u00e9trica da Am\u00e9rica Latina, a seguran\u00e7a energ\u00e9tica do pa\u00eds, a soberania nacional e as \u00e1guas Para o [&hellip;]<\/p>\n","protected":false},"author":27,"featured_media":0,"comment_status":"open","ping_status":"closed","sticky":false,"template":"","format":"standard","meta":{"footnotes":""},"categories":[2719],"tags":[7793,1655,21,867,8353,4058,2651,3860,2523,3106,7216,11794,11795,1071,8932,1042,70,4165,2452,11796,630,1001,2441,208,4176,3859,2103],"class_list":["post-8567","post","type-post","status-publish","format-standard","hentry","category-servidor","tag-aguas","tag-america-latina","tag-ato","tag-brasilia","tag-corporacoes","tag-eletrica","tag-eletrobras","tag-energetica","tag-estatal","tag-exclusao","tag-fama","tag-forum-alternativo-mundial-da-agua","tag-inalcancavel","tag-internacional","tag-mercadoria","tag-movimentos","tag-nacional","tag-organizacoes","tag-paises","tag-populacoes","tag-populares","tag-privatizacao","tag-recurso","tag-seguranca","tag-sindicalistas","tag-soberania","tag-social"],"_links":{"self":[{"href":"https:\/\/blogs.correiobraziliense.com.br\/servidor\/wp-json\/wp\/v2\/posts\/8567","targetHints":{"allow":["GET"]}}],"collection":[{"href":"https:\/\/blogs.correiobraziliense.com.br\/servidor\/wp-json\/wp\/v2\/posts"}],"about":[{"href":"https:\/\/blogs.correiobraziliense.com.br\/servidor\/wp-json\/wp\/v2\/types\/post"}],"author":[{"embeddable":true,"href":"https:\/\/blogs.correiobraziliense.com.br\/servidor\/wp-json\/wp\/v2\/users\/27"}],"replies":[{"embeddable":true,"href":"https:\/\/blogs.correiobraziliense.com.br\/servidor\/wp-json\/wp\/v2\/comments?post=8567"}],"version-history":[{"count":1,"href":"https:\/\/blogs.correiobraziliense.com.br\/servidor\/wp-json\/wp\/v2\/posts\/8567\/revisions"}],"predecessor-version":[{"id":8568,"href":"https:\/\/blogs.correiobraziliense.com.br\/servidor\/wp-json\/wp\/v2\/posts\/8567\/revisions\/8568"}],"wp:attachment":[{"href":"https:\/\/blogs.correiobraziliense.com.br\/servidor\/wp-json\/wp\/v2\/media?parent=8567"}],"wp:term":[{"taxonomy":"category","embeddable":true,"href":"https:\/\/blogs.correiobraziliense.com.br\/servidor\/wp-json\/wp\/v2\/categories?post=8567"},{"taxonomy":"post_tag","embeddable":true,"href":"https:\/\/blogs.correiobraziliense.com.br\/servidor\/wp-json\/wp\/v2\/tags?post=8567"}],"curies":[{"name":"wp","href":"https:\/\/api.w.org\/{rel}","templated":true}]}}