{"id":8565,"date":"2018-03-20T21:31:36","date_gmt":"2018-03-21T00:31:36","guid":{"rendered":"https:\/\/blogs.correiobraziliense.com.br\/servidor\/?p=8565"},"modified":"2018-03-20T21:31:36","modified_gmt":"2018-03-21T00:31:36","slug":"marielle-cnj-abre-procedimento-para-investigar-manifestacoes-de-desembargadora","status":"publish","type":"post","link":"https:\/\/blogs.correiobraziliense.com.br\/servidor\/marielle-cnj-abre-procedimento-para-investigar-manifestacoes-de-desembargadora\/","title":{"rendered":"Marielle: CNJ abre procedimento para investigar manifesta\u00e7\u00f5es de desembargadora"},"content":{"rendered":"<p><em>O ministro Jo\u00e3o Ot\u00e1vio de Noronha, corregedor Nacional de Justi\u00e7a, distribuiu a seguinte nota:\u00a0<\/em><\/p>\n<p>&#8220;Diante das recentes not\u00edcias veiculadas em meios de comunica\u00e7\u00e3o sobre manifesta\u00e7\u00f5es p\u00fablicas da desembargadora do Tribunal de Justi\u00e7a do Rio de Janeiro (TJRJ), Mar\u00edlia Castro Neves, a respeito da vereadora carioca assassinada, Marielle Franco, o corregedor Nacional de Justi\u00e7a, ministro Jo\u00e3o Ot\u00e1vio de Noronha, determinou a abertura de procedimento para averiguar os fatos.<\/p>\n<p>O Psol e a Associa\u00e7\u00e3o Brasileira de Juristas para Democracia entraram no CNJ com duas representa\u00e7\u00f5es contra a magistrada.\u00a0Em rela\u00e7\u00e3o \u00e0s postagens feitas pela desembargadora Mar\u00edlia Neves em redes sociais sobre a atua\u00e7\u00e3o de uma professora portadora da S\u00edndrome de Down, o corregedor nacional determinou a abertura de Pedido de Provid\u00eancias e ser\u00e1 concedido prazo para que a desembargadora se manifeste a respeito. &#8220;<\/p>\n","protected":false},"excerpt":{"rendered":"<p>O ministro Jo\u00e3o Ot\u00e1vio de Noronha, corregedor Nacional de Justi\u00e7a, distribuiu a seguinte nota:\u00a0 &#8220;Diante das recentes not\u00edcias veiculadas em meios de comunica\u00e7\u00e3o sobre manifesta\u00e7\u00f5es p\u00fablicas da desembargadora do Tribunal de Justi\u00e7a do Rio de Janeiro (TJRJ), Mar\u00edlia Castro Neves, a respeito da vereadora carioca assassinada, Marielle Franco, o corregedor Nacional de Justi\u00e7a, ministro Jo\u00e3o Ot\u00e1vio de Noronha, determinou a [&hellip;]<\/p>\n","protected":false},"author":27,"featured_media":0,"comment_status":"open","ping_status":"closed","sticky":false,"template":"","format":"standard","meta":{"footnotes":""},"categories":[2719],"tags":[11792,254,3764,7976,5198,6936,1734,11753,3295,5171,5310,3701,11793,5330,11791],"class_list":["post-8565","post","type-post","status-publish","format-standard","hentry","category-servidor","tag-averiguar","tag-cnj","tag-corregedor","tag-desembargadora","tag-investigar","tag-magistrada","tag-manifestacoes","tag-marielle-franco","tag-procedimento","tag-professora","tag-providencias","tag-psol","tag-sindorme-de-down","tag-tjrj","tag-vereadora"],"_links":{"self":[{"href":"https:\/\/blogs.correiobraziliense.com.br\/servidor\/wp-json\/wp\/v2\/posts\/8565","targetHints":{"allow":["GET"]}}],"collection":[{"href":"https:\/\/blogs.correiobraziliense.com.br\/servidor\/wp-json\/wp\/v2\/posts"}],"about":[{"href":"https:\/\/blogs.correiobraziliense.com.br\/servidor\/wp-json\/wp\/v2\/types\/post"}],"author":[{"embeddable":true,"href":"https:\/\/blogs.correiobraziliense.com.br\/servidor\/wp-json\/wp\/v2\/users\/27"}],"replies":[{"embeddable":true,"href":"https:\/\/blogs.correiobraziliense.com.br\/servidor\/wp-json\/wp\/v2\/comments?post=8565"}],"version-history":[{"count":1,"href":"https:\/\/blogs.correiobraziliense.com.br\/servidor\/wp-json\/wp\/v2\/posts\/8565\/revisions"}],"predecessor-version":[{"id":8566,"href":"https:\/\/blogs.correiobraziliense.com.br\/servidor\/wp-json\/wp\/v2\/posts\/8565\/revisions\/8566"}],"wp:attachment":[{"href":"https:\/\/blogs.correiobraziliense.com.br\/servidor\/wp-json\/wp\/v2\/media?parent=8565"}],"wp:term":[{"taxonomy":"category","embeddable":true,"href":"https:\/\/blogs.correiobraziliense.com.br\/servidor\/wp-json\/wp\/v2\/categories?post=8565"},{"taxonomy":"post_tag","embeddable":true,"href":"https:\/\/blogs.correiobraziliense.com.br\/servidor\/wp-json\/wp\/v2\/tags?post=8565"}],"curies":[{"name":"wp","href":"https:\/\/api.w.org\/{rel}","templated":true}]}}