{"id":8561,"date":"2018-03-20T14:56:32","date_gmt":"2018-03-20T17:56:32","guid":{"rendered":"https:\/\/blogs.correiobraziliense.com.br\/servidor\/?p=8561"},"modified":"2018-03-20T14:56:32","modified_gmt":"2018-03-20T17:56:32","slug":"nota-do-sindusfarma-inflacao-baixa-se-reflete-tambem-nos-medicamentos-governo-autoriza-reajuste-medio-de-243","status":"publish","type":"post","link":"https:\/\/blogs.correiobraziliense.com.br\/servidor\/nota-do-sindusfarma-inflacao-baixa-se-reflete-tambem-nos-medicamentos-governo-autoriza-reajuste-medio-de-243\/","title":{"rendered":"Nota do Sindusfarma &#8211; Infla\u00e7\u00e3o baixa se reflete tamb\u00e9m nos medicamentos; governo autoriza reajuste m\u00e9dio de 2,43%"},"content":{"rendered":"<p><em>A C\u00e2mara de Regula\u00e7\u00e3o do Mercado de Medicamentos (CMED) abriu seu sistema de comercializa\u00e7\u00e3o na manh\u00e3 desta ter\u00e7a-feira (20), confirmando os \u00edndices do reajuste anual de pre\u00e7os de medicamentos para 2018. O reajuste vai variar de 2,09% a 2,84%. O reajuste m\u00e9dio ponderado \u00e9 de 2,43%. A alta de\u00a0 pre\u00e7os fixada pelo governo poder\u00e1 ser aplicada a partir de 31 de mar\u00e7o em cerca de 13 mil apresenta\u00e7\u00f5es de medicamentos dispon\u00edveis no mercado varejista brasileiro<br \/>\n<\/em><\/p>\n<p>Os novos \u00edndices, reafirma o Sindusfarma, constam do sistema on-line da CMED no qual as ind\u00fastrias farmac\u00eauticas cadastram os pre\u00e7os m\u00e1ximos de seus produtos, com reajuste, que poder\u00e3o praticar a partir do pr\u00f3ximo dia 31 de mar\u00e7o.<\/p>\n<p>A Resolu\u00e7\u00e3o da CMED que formaliza os \u00edndices do reajuste anual de pre\u00e7os de medicamentos ainda n\u00e3o foi publicada no Di\u00e1rio Oficial da Uni\u00e3o, o que deve se dar nos pr\u00f3ximos dias.<\/p>\n<p><strong>\u00cdndices de reajuste autorizados pela C\u00e2mara de Regula\u00e7\u00e3o do Mercado de Medicamentos (CMED)<\/strong><\/p>\n<p><strong>\u00a0<\/strong><\/p>\n<table>\n<tbody>\n<tr>\n<td><strong>N\u00edvel 1<\/strong>: Sem evid\u00eancias de concentra\u00e7\u00e3o<\/td>\n<td><strong>2,84%<\/strong><\/p>\n<p>&nbsp;<\/td>\n<\/tr>\n<tr>\n<td><strong>N\u00edvel 2<\/strong>: Moderadamente concentrado<\/td>\n<td><strong>2,47%<\/strong><\/td>\n<\/tr>\n<tr>\n<td><strong>N\u00edvel 3<\/strong>: Fortemente concentrado<\/td>\n<td><strong>2,09%<\/strong><\/td>\n<\/tr>\n<\/tbody>\n<\/table>\n<p><strong>\u00a0<\/strong><\/p>\n<p><strong>Fonte<\/strong>: Sistema SAMMED, da C\u00e2mara de Regula\u00e7\u00e3o do Mercado de Medicamentos (CMED)<\/p>\n<p>Pelo segundo ano consecutivo, ressalta o Sindusfarma, o reajuste dos medicamentos ser\u00e1 baixo. Em 2017, por exemplo, a Funda\u00e7\u00e3o Get\u00falio Vargas (FGV) registrou varia\u00e7\u00e3o de apenas 0,12% no item \u201cmedicamentos em geral\u201d do \u00cdndice de Pre\u00e7os ao Consumidor da Terceira Idade (IPC-3i).<\/p>\n<p>\u201cA ind\u00fastria farmac\u00eautica tem conseguido segurar seus pre\u00e7os, apesar do expressivo aumento dos custos de produ\u00e7\u00e3o nos \u00faltimos anos e a tend\u00eancia deve se repetir em 2018\u201d, afirma Nelson Mussolini, presidente executivo do Sindicato da Ind\u00fastria de Produtos Farmac\u00eauticos no Estado de S\u00e3o Paulo (Sindusfarma).<\/p>\n<p>Os reajustes de pre\u00e7o dos medicamentos t\u00eam ficado abaixo da infla\u00e7\u00e3o geral. De 2013 a 2017, o IPCA acumulado foi de 36,48% ante 32,51% dos reajustes m\u00e9dios autorizados pelo governo.<\/p>\n<p><strong>Rentabilidade<\/strong><\/p>\n<p>Por ser o \u00fanico segmento produtivo submetido ao controle de pre\u00e7os, a ind\u00fastria farmac\u00eautica convive com a dificuldade de recompor suas planilhas de custo, diante da eleva\u00e7\u00e3o dos gastos com mat\u00e9rias-primas, tarifas, embalagens e folhas salariais, entre outros itens. Este quadro vem comprometendo a rentabilidade das empresas, aponta o Sindusfarma.<\/p>\n<p>\u201cO governo precisa rediscutir a f\u00f3rmula de reajuste, para permitir o equil\u00edbrio financeiro do setor e incentivar ganhos de produtividade\u201d, diz Mussolini. \u201cA atual situa\u00e7\u00e3o inibe investimentos e a pesquisa e desenvolvimento de novos produtos\u201d.<\/p>\n<p>Mussolini tamb\u00e9m destaca o \u00f4nus da carga tribut\u00e1ria para ind\u00fastria farmac\u00eautica. \u201cAs quest\u00f5es tribut\u00e1rias ainda afetam a rentabilidade do setor\u201d, diz o presidente executivo do Sindusfarma.<\/p>\n<p><strong>Consumidor deve pesquisar<\/strong><\/p>\n<p>O reajuste anual de pre\u00e7os fixado pelo governo poder\u00e1 ser aplicado a partir de 31\/03\/2018 em cerca de 13 mil apresenta\u00e7\u00f5es de medicamentos dispon\u00edveis no mercado varejista brasileiro.<\/p>\n<p>O reajuste atualiza a tabela de Pre\u00e7os M\u00e1ximos ao Consumidor (PMC) e n\u00e3o gera aumentos autom\u00e1ticos nem imediatos nas farm\u00e1cias e drogarias, principalmente em rela\u00e7\u00e3o aos medicamentos que apresentam grande concorr\u00eancia.<\/p>\n<p>Medicamentos com o mesmo princ\u00edpio ativo e para a mesma classe terap\u00eautica (enfermidade) s\u00e3o oferecidos no pa\u00eds por v\u00e1rios fabricantes e em milhares de pontos de venda.<\/p>\n<p>\u201c\u00c9 importante o consumidor pesquisar nas farm\u00e1cias e drogarias os melhores ofertas dos medicamentos prescritos\u201d, recomenda Mussolini. \u201cDependendo da reposi\u00e7\u00e3o de estoques e das estrat\u00e9gias comerciais dos estabelecimentos, aumentos de pre\u00e7o podem demorar meses ou nem acontecer\u201d.<\/p>\n<p><strong>Sobre o Sindusfarma<\/strong> \u2013 Fundado em 1933, \u00e9 a maior entidade representativa da ind\u00fastria farmac\u00eautica no pa\u00eds, congregando atualmente 327 empresas nacionais e internacionais que det\u00eam cerca de 95% do mercado de medicamentos brasileiro.<\/p>\n","protected":false},"excerpt":{"rendered":"<p>A C\u00e2mara de Regula\u00e7\u00e3o do Mercado de Medicamentos (CMED) abriu seu sistema de comercializa\u00e7\u00e3o na manh\u00e3 desta ter\u00e7a-feira (20), confirmando os \u00edndices do reajuste anual de pre\u00e7os de medicamentos para 2018. O reajuste vai variar de 2,09% a 2,84%. O reajuste m\u00e9dio ponderado \u00e9 de 2,43%. A alta de\u00a0 pre\u00e7os fixada pelo governo poder\u00e1 ser aplicada a partir de 31 [&hellip;]<\/p>\n","protected":false},"author":27,"featured_media":0,"comment_status":"open","ping_status":"closed","sticky":false,"template":"","format":"standard","meta":{"footnotes":""},"categories":[2719],"tags":[2117,4932,11778,207,2116,1769,8039,11783,1803,11779,2726,1551,11784,5644,1635,98,3654,5486,240,11780,11782,2447,8186,221,63,5686,11785,6767,11781,11777,5961],"class_list":["post-8561","post","type-post","status-publish","format-standard","hentry","category-servidor","tag-abaixo","tag-baixa","tag-cmed","tag-controle","tag-custo","tag-dou","tag-elevacao","tag-embalagens","tag-equilibrio","tag-farmaceuticas","tag-fgv","tag-financeiro","tag-folhas-salariais","tag-formula","tag-gasto","tag-governo","tag-indices","tag-industrias","tag-inflacao","tag-ipc","tag-materias-primas","tag-medicamentos","tag-planilhas","tag-produtos","tag-reajuste","tag-recompor","tag-rediscutir","tag-rentabilidade","tag-segmento","tag-sindusfarma","tag-tarifas"],"_links":{"self":[{"href":"https:\/\/blogs.correiobraziliense.com.br\/servidor\/wp-json\/wp\/v2\/posts\/8561","targetHints":{"allow":["GET"]}}],"collection":[{"href":"https:\/\/blogs.correiobraziliense.com.br\/servidor\/wp-json\/wp\/v2\/posts"}],"about":[{"href":"https:\/\/blogs.correiobraziliense.com.br\/servidor\/wp-json\/wp\/v2\/types\/post"}],"author":[{"embeddable":true,"href":"https:\/\/blogs.correiobraziliense.com.br\/servidor\/wp-json\/wp\/v2\/users\/27"}],"replies":[{"embeddable":true,"href":"https:\/\/blogs.correiobraziliense.com.br\/servidor\/wp-json\/wp\/v2\/comments?post=8561"}],"version-history":[{"count":1,"href":"https:\/\/blogs.correiobraziliense.com.br\/servidor\/wp-json\/wp\/v2\/posts\/8561\/revisions"}],"predecessor-version":[{"id":8562,"href":"https:\/\/blogs.correiobraziliense.com.br\/servidor\/wp-json\/wp\/v2\/posts\/8561\/revisions\/8562"}],"wp:attachment":[{"href":"https:\/\/blogs.correiobraziliense.com.br\/servidor\/wp-json\/wp\/v2\/media?parent=8561"}],"wp:term":[{"taxonomy":"category","embeddable":true,"href":"https:\/\/blogs.correiobraziliense.com.br\/servidor\/wp-json\/wp\/v2\/categories?post=8561"},{"taxonomy":"post_tag","embeddable":true,"href":"https:\/\/blogs.correiobraziliense.com.br\/servidor\/wp-json\/wp\/v2\/tags?post=8561"}],"curies":[{"name":"wp","href":"https:\/\/api.w.org\/{rel}","templated":true}]}}