{"id":8559,"date":"2018-03-20T14:42:41","date_gmt":"2018-03-20T17:42:41","guid":{"rendered":"https:\/\/blogs.correiobraziliense.com.br\/servidor\/?p=8559"},"modified":"2018-03-20T14:42:41","modified_gmt":"2018-03-20T17:42:41","slug":"greve-dos-servidores-da-assistencia-social-do-df-chega-ao-18o-dia","status":"publish","type":"post","link":"https:\/\/blogs.correiobraziliense.com.br\/servidor\/greve-dos-servidores-da-assistencia-social-do-df-chega-ao-18o-dia\/","title":{"rendered":"Greve dos servidores da assist\u00eancia social do DF chega ao 18\u00ba dia"},"content":{"rendered":"<p><em>GDF n\u00e3o negocia e trabalhadores continuam movimento em busca de pagamento de aumento concedido por lei e outras reivindica\u00e7\u00f5es, destaca o Sindicato dos Servidores em Assist\u00eancia Social e Cultural do GDF (Sindsasc). A greve, iniciada no dia 2 de mar\u00e7o, n\u00e3o tem previs\u00e3o de encerramento. Na quinta-feira (22), haver\u00e1 uma assembleia no Anexo do Pal\u00e1cio do Buriti. O indicativo \u00e9 de continuidade da paralisa\u00e7\u00e3o. Al\u00e9m de reajuste salarial e de benef\u00edcios, os servidores querem concurso p\u00fablico para suprir o d\u00e9ficit estimado em 2.600 trabalhadores<\/em><\/p>\n<p dir=\"ltr\">A greve dos servidores da assist\u00eancia social do DF continua, de acordo com o Sindicato dos Servidores em Assist\u00eancia Social e Cultural do GDF (Sindsasc). A paralisa\u00e7\u00e3o foi iniciada em 2 de mar\u00e7o e o motivo pela manuten\u00e7\u00e3o do movimento \u00e9 a falta de di\u00e1logo por parte do GDF (Governo do Distrito Federal).<\/p>\n<p dir=\"ltr\">A principal reivindica\u00e7\u00e3o em pauta \u00e9 o pagamento retroativo do aumento, em atraso desde novembro de 2015. De acordo com o presidente do sindicato, Clayton Avelar, o governo n\u00e3o tem se mostra preocupado com as reivindica\u00e7\u00f5es da categoria. \u201cEstamos h\u00e1 27 meses recebendo sal\u00e1rios menores do que o previsto em lei e o GDF se nega a cumpri-la, mesmo com dinheiro em caixa.\u201d afirma Avelar.<\/p>\n<p dir=\"ltr\">Al\u00e9m do pagamento do reajuste salarial e de benef\u00edcios como vale-alimenta\u00e7\u00e3o e licen\u00e7as-pr\u00eamio, os servidores pedem a realiza\u00e7\u00e3o de concurso p\u00fablico para suprir o d\u00e9ficit estimado em 2.600 trabalhadores da categoria; melhores condi\u00e7\u00f5es de trabalho para os servidores das Unidades de Acolhimento; melhoria do Secat (Setor de Cadastro), que apresenta constantes falhas em seu sistema de atendimento; a disponibiliza\u00e7\u00e3o da quantidade necess\u00e1ria de material de trabalho nos Centros de Conviv\u00eancia; \u00a0transporte para os servidores e a designa\u00e7\u00e3o correta para o trabalho nos CREAS que t\u00eam assumido a destina\u00e7\u00e3o dos Centros-Pop.<\/p>\n<p dir=\"ltr\"><strong>100 mil fam\u00edlias sem atendimento<\/strong><br class=\"m_8562827840843758167m_-5907560752786228768gmail-kix-line-break\" \/>Segundo o sindicato, devido \u00e0 falta de negocia\u00e7\u00e3o imposta pelo governador Rodrigo Rollemberg, um total de 100 mil fam\u00edlias est\u00e3o sem atendimento de assist\u00eancia social no DF. A atua\u00e7\u00e3o dos servidores da classe \u00e9 destinada aos benefici\u00e1rios de programas sociais, mulheres v\u00edtimas de viol\u00eancia e em situa\u00e7\u00e3o de perigo, pessoas em situa\u00e7\u00e3o de rua e desabrigados, crian\u00e7as sem guarda ou que est\u00e3o sob a tutela do Estado, idosos, pessoas com defici\u00eancia mental e v\u00edtimas de tr\u00e1fico de pessoas.<\/p>\n<p dir=\"ltr\">Apenas o contingente m\u00ednimo de 30% de servidores da assist\u00eancia social est\u00e1 em atividade nas unidades de atendimento ininterrupto. Um total de 1.530 trabalhadores, o correspondente a 90% dos sindicalizados aderiram ao movimento.<\/p>\n<p dir=\"ltr\"><strong>Pedido de provid\u00eancias<\/strong><\/p>\n<p dir=\"ltr\">Na \u00faltima quarta-feira (14), o comando de greve foi ao TCDF (Tribunal de Contas do Distrito Federal) para audi\u00eancia com o conselheiro Renato Rainha. O objetivo, segundo o presidente do Sindsasc, foi pedir que o governo negocie rapidamente com a classe. &#8220;A assist\u00eancia social no DF est\u00e1 em colapso. Pedimos apoio ao TCDF para que haja um esclarecimento junto ao Executivo quanto \u00e0 postura de intransig\u00eancia em n\u00e3o negociar&#8221;, explica Avelar.<\/p>\n<p dir=\"ltr\">O Tribunal de Justi\u00e7a do Distrito Federal e dos Territ\u00f3rios (TJDFT) proibiu, no \u00faltimo dia 6, o corte no ponto e o desconto dos dias de paralisa\u00e7\u00e3o dos servidores que aderiram \u00e0 greve. A decis\u00e3o consta em tutela antecipada deferida pelo desembargador S\u00e9rgio Rocha, depois de pedido feito pelo Sindsasc.<\/p>\n<p>&nbsp;<\/p>\n","protected":false},"excerpt":{"rendered":"<p>GDF n\u00e3o negocia e trabalhadores continuam movimento em busca de pagamento de aumento concedido por lei e outras reivindica\u00e7\u00f5es, destaca o Sindicato dos Servidores em Assist\u00eancia Social e Cultural do GDF (Sindsasc). A greve, iniciada no dia 2 de mar\u00e7o, n\u00e3o tem previs\u00e3o de encerramento. Na quinta-feira (22), haver\u00e1 uma assembleia no Anexo do Pal\u00e1cio do Buriti. O indicativo \u00e9 [&hellip;]<\/p>\n","protected":false},"author":27,"featured_media":0,"comment_status":"open","ping_status":"closed","sticky":false,"template":"","format":"standard","meta":{"footnotes":""},"categories":[2719],"tags":[518,2108,75,852,1851,411,2692,15,151,63,58,11776,19],"class_list":["post-8559","post","type-post","status-publish","format-standard","hentry","category-servidor","tag-assembleia","tag-assistencia-social","tag-aumento","tag-beneficios","tag-concurso-publico","tag-deficit","tag-gdf","tag-greve","tag-pagamento","tag-reajuste","tag-servidores","tag-sindsasc","tag-trabalhadores"],"_links":{"self":[{"href":"https:\/\/blogs.correiobraziliense.com.br\/servidor\/wp-json\/wp\/v2\/posts\/8559","targetHints":{"allow":["GET"]}}],"collection":[{"href":"https:\/\/blogs.correiobraziliense.com.br\/servidor\/wp-json\/wp\/v2\/posts"}],"about":[{"href":"https:\/\/blogs.correiobraziliense.com.br\/servidor\/wp-json\/wp\/v2\/types\/post"}],"author":[{"embeddable":true,"href":"https:\/\/blogs.correiobraziliense.com.br\/servidor\/wp-json\/wp\/v2\/users\/27"}],"replies":[{"embeddable":true,"href":"https:\/\/blogs.correiobraziliense.com.br\/servidor\/wp-json\/wp\/v2\/comments?post=8559"}],"version-history":[{"count":1,"href":"https:\/\/blogs.correiobraziliense.com.br\/servidor\/wp-json\/wp\/v2\/posts\/8559\/revisions"}],"predecessor-version":[{"id":8560,"href":"https:\/\/blogs.correiobraziliense.com.br\/servidor\/wp-json\/wp\/v2\/posts\/8559\/revisions\/8560"}],"wp:attachment":[{"href":"https:\/\/blogs.correiobraziliense.com.br\/servidor\/wp-json\/wp\/v2\/media?parent=8559"}],"wp:term":[{"taxonomy":"category","embeddable":true,"href":"https:\/\/blogs.correiobraziliense.com.br\/servidor\/wp-json\/wp\/v2\/categories?post=8559"},{"taxonomy":"post_tag","embeddable":true,"href":"https:\/\/blogs.correiobraziliense.com.br\/servidor\/wp-json\/wp\/v2\/tags?post=8559"}],"curies":[{"name":"wp","href":"https:\/\/api.w.org\/{rel}","templated":true}]}}