{"id":8555,"date":"2018-03-20T14:14:27","date_gmt":"2018-03-20T17:14:27","guid":{"rendered":"https:\/\/blogs.correiobraziliense.com.br\/servidor\/?p=8555"},"modified":"2018-03-20T14:14:27","modified_gmt":"2018-03-20T17:14:27","slug":"trabalhadores-discutem-sobretaxa-do-aco-com-rodrigo-maia","status":"publish","type":"post","link":"https:\/\/blogs.correiobraziliense.com.br\/servidor\/trabalhadores-discutem-sobretaxa-do-aco-com-rodrigo-maia\/","title":{"rendered":"Trabalhadores discutem sobretaxa do a\u00e7o com Rodrigo Maia"},"content":{"rendered":"<p><em>Representantes dos trabalhadores se re\u00fanem nesta <span id=\"OBJ_PREFIX_DWT1353_com_zimbra_date\" class=\"Object\"><span id=\"OBJ_PREFIX_DWT1361_com_zimbra_date\" class=\"Object\">ter<\/span><\/span>\u00e7a-feira, dia 20, \u00e0s 16 horas, com o presidente da C\u00e2mara dos Deputados, Rodrigo Maia, para discutir a sobretaxa do a\u00e7o estipulada recentemente pelo governo Trump<\/em><\/p>\n<p>Estar\u00e3o presentes o deputado federal e presidente da For\u00e7a Sindical, Paulo Pereira da Silva, Paulinho da For\u00e7a, o presidente da CNTM\/For\u00e7a Sindical, Miguel Torres, e o presidente da CNM\/CUT, Paulo Cayres, al\u00e9m de representantes dos empres\u00e1rios do\u00a0a\u00e7o.<\/p>\n<p><b>Agenda: Trabalhadores discutem sobretaxa do a\u00e7o com Rodrigo Maia<\/b><\/p>\n<p><b>Data:<\/b> <span id=\"OBJ_PREFIX_DWT1354_com_zimbra_date\" class=\"Object\"><span id=\"OBJ_PREFIX_DWT1362_com_zimbra_date\" class=\"Object\">20 de mar<\/span><\/span>\u00e7o<br \/>\n<b>Hor\u00e1rio:<\/b> 16 horas<br \/>\n<b>Local:<\/b> Gabinete da Presid\u00eancia da C\u00e2mara dos Deputados<\/p>\n","protected":false},"excerpt":{"rendered":"<p>Representantes dos trabalhadores se re\u00fanem nesta ter\u00e7a-feira, dia 20, \u00e0s 16 horas, com o presidente da C\u00e2mara dos Deputados, Rodrigo Maia, para discutir a sobretaxa do a\u00e7o estipulada recentemente pelo governo Trump Estar\u00e3o presentes o deputado federal e presidente da For\u00e7a Sindical, Paulo Pereira da Silva, Paulinho da For\u00e7a, o presidente da CNTM\/For\u00e7a Sindical, Miguel Torres, e o presidente da [&hellip;]<\/p>\n","protected":false},"author":27,"featured_media":0,"comment_status":"open","ping_status":"closed","sticky":false,"template":"","format":"standard","meta":{"footnotes":""},"categories":[2719],"tags":[11494,61,1299,98,11773,1910,4313],"class_list":["post-8555","post","type-post","status-publish","format-standard","hentry","category-servidor","tag-aco","tag-camara","tag-discutem","tag-governo","tag-sobretaxa","tag-trabalhdores","tag-trump"],"_links":{"self":[{"href":"https:\/\/blogs.correiobraziliense.com.br\/servidor\/wp-json\/wp\/v2\/posts\/8555","targetHints":{"allow":["GET"]}}],"collection":[{"href":"https:\/\/blogs.correiobraziliense.com.br\/servidor\/wp-json\/wp\/v2\/posts"}],"about":[{"href":"https:\/\/blogs.correiobraziliense.com.br\/servidor\/wp-json\/wp\/v2\/types\/post"}],"author":[{"embeddable":true,"href":"https:\/\/blogs.correiobraziliense.com.br\/servidor\/wp-json\/wp\/v2\/users\/27"}],"replies":[{"embeddable":true,"href":"https:\/\/blogs.correiobraziliense.com.br\/servidor\/wp-json\/wp\/v2\/comments?post=8555"}],"version-history":[{"count":1,"href":"https:\/\/blogs.correiobraziliense.com.br\/servidor\/wp-json\/wp\/v2\/posts\/8555\/revisions"}],"predecessor-version":[{"id":8556,"href":"https:\/\/blogs.correiobraziliense.com.br\/servidor\/wp-json\/wp\/v2\/posts\/8555\/revisions\/8556"}],"wp:attachment":[{"href":"https:\/\/blogs.correiobraziliense.com.br\/servidor\/wp-json\/wp\/v2\/media?parent=8555"}],"wp:term":[{"taxonomy":"category","embeddable":true,"href":"https:\/\/blogs.correiobraziliense.com.br\/servidor\/wp-json\/wp\/v2\/categories?post=8555"},{"taxonomy":"post_tag","embeddable":true,"href":"https:\/\/blogs.correiobraziliense.com.br\/servidor\/wp-json\/wp\/v2\/tags?post=8555"}],"curies":[{"name":"wp","href":"https:\/\/api.w.org\/{rel}","templated":true}]}}