{"id":8551,"date":"2018-03-20T12:11:08","date_gmt":"2018-03-20T15:11:08","guid":{"rendered":"https:\/\/blogs.correiobraziliense.com.br\/servidor\/?p=8551"},"modified":"2018-03-20T12:11:08","modified_gmt":"2018-03-20T15:11:08","slug":"movimentos-sociais-religiosos-e-artistas-fazem-ato-cultural-e-inter-religioso-em-homenagem-marielle-franco-2","status":"publish","type":"post","link":"https:\/\/blogs.correiobraziliense.com.br\/servidor\/movimentos-sociais-religiosos-e-artistas-fazem-ato-cultural-e-inter-religioso-em-homenagem-marielle-franco-2\/","title":{"rendered":"Movimentos sociais, religiosos e artistas fazem ato cultural e inter-religioso em homenagem a Marielle Franco"},"content":{"rendered":"<pre><span><span style=\"color: #000000\"><span style=\"font-size: large\"><i>A atividade vai reunir religi\u00f5es de diferentes matrizes e artistas na Paulista nesta <span id=\"OBJ_PREFIX_DWT915_com_zimbra_date\" class=\"Object\"><span id=\"OBJ_PREFIX_DWT925_com_zimbra_date\" class=\"Object\">ter<\/span><\/span>\u00e7a-feira; mesmo dia em que ser\u00e1 rezada a missa de s\u00e9timo dia da vereadora executada\r\n\r\n<\/i><\/span><\/span><\/span><\/pre>\n<pre><span><span style=\"color: #000000\"><span style=\"font-size: large\">Nesta <span id=\"OBJ_PREFIX_DWT926_com_zimbra_date\" class=\"Object\">ter<\/span>\u00e7a-feira, dia <span id=\"OBJ_PREFIX_DWT916_com_zimbra_date\" class=\"Object\"><span id=\"OBJ_PREFIX_DWT927_com_zimbra_date\" class=\"Object\">20 de mar<\/span><\/span>\u00e7o, organiza\u00e7\u00f5es, movimentos sociais e entidades religiosas realizam um ato inter-religioso e cultural em S\u00e3o Paulo para homenagear a vereadora Marielle Franco, executada no dia <span id=\"OBJ_PREFIX_DWT917_com_zimbra_date\" class=\"Object\"><span id=\"OBJ_PREFIX_DWT928_com_zimbra_date\" class=\"Object\">14 de mar<\/span><\/span>\u00e7o. O ato ser\u00e1 \u00e0s 17 horas no v\u00e3o do MASP e \u00e9 organizado pela Frente Povo Sem Medo, que re\u00fane diversas organiza\u00e7\u00f5es e movimentos e pelo PSOL, partido da vereadora.\r\n\r\nA execu\u00e7\u00e3o de Marielle \u00e9 a face pol\u00edtica de uma viol\u00eancia que tem assolado cotidianamente a vida das pessoas que moram em comunidades perif\u00e9ricas e favelas no pa\u00eds \u2013 marcadas pela presen\u00e7a constante do crime organizado (mil\u00edcias e tr\u00e1fico) e do bra\u00e7o armado Estado, a Pol\u00edcia Militar. Uma viol\u00eancia que atinge principalmente os negros, roubando-lhes precocemente a dignidade ou a pr\u00f3pria vida.\r\n\r\nO fato de se tratar de uma parlamentar democraticamente eleita \u2013 a <span id=\"OBJ_PREFIX_DWT929_com_zimbra_date\" class=\"Object\">quinta<\/span> mais votada em 2016 no Rio<span id=\"OBJ_PREFIX_DWT918_com_zimbra_date\" class=\"Object\"> de Janeiro<\/span> \u2013 envolve de contornos ainda mais perigosos o ocorrido, pois p\u00f5e em cheque a capacidade das institui\u00e7\u00f5es brasileiras em lidar com a criminalidade de forma inteligente e o pr\u00f3prio Estado de Direito, que, ali\u00e1s, vem sofrendo ataques constantes desde 2015.\r\n\r\nE \u00e9 por isto, que al\u00e9m de homenagear a mem\u00f3ria de Marielle, o ato pretende ser um potencializador da continuidade de suas a\u00e7\u00f5es e enfrentamentos contra a interven\u00e7\u00e3o militar no Rio<span id=\"OBJ_PREFIX_DWT919_com_zimbra_date\" class=\"Object\"> de Janeiro<\/span>, a militariza\u00e7\u00e3o do Estado e o genoc\u00eddio da juventude negra. \r\n\r\nAs atividades come\u00e7am com um grande ato inter-religioso que reunir\u00e1 l\u00edderes e praticantes de diversas religi\u00f5es. J\u00e1 forram confirmadas as presen\u00e7as de Pai Rodney e Pai Walmir (Candombl\u00e9), do Rabino Leoni (Juda\u00edsmo), de Franklin Felix (Espiritismo), dos Sheiks Jalloul, Hossain e Patr\u00edcia Soares (Islamismo), dos\/as pastores F\u00e1bio Bezerril, Ariovaldo e Val\u00e9ria Vilhena (Evang\u00e9licos), dos padres Paulo e Naves e Ivone Gebara (Catolicismo), da Monja Cohen (Budismo), al\u00e9m de representantes da Umbanda e tamb\u00e9m da comunidade Anglicana no Brasil. \r\n\r\nCada religi\u00e3o <span id=\"OBJ_PREFIX_DWT920_com_zimbra_date\" class=\"Object\"><span id=\"OBJ_PREFIX_DWT930_com_zimbra_date\" class=\"Object\">ter<\/span><\/span>\u00e1 um tempo para se manifestar e fazer sua homenagem \u00e0 Marielle, o que ser\u00e1 acompanhado tamb\u00e9m por m\u00fasicas e por outras formas de sauda\u00e7\u00e3o religiosa.\r\n\r\nNa sequ\u00eancia haver\u00e1 ato pol\u00edtico e cultural com a presen\u00e7a de Laerte, Nat\u00e1lia Matos, Yazal\u00fa, A\u00edla, Ekena, Luiza Lian, Luana Hansen, Xenia Fran\u00e7a  e Otto. Entre as apresenta\u00e7\u00f5es, ser\u00e3o feitas as falas pol\u00edticas: Povo Sem Medo, Uneafro, PSOL e N\u00facleo da Consci\u00eancia Negra.\r\n\r\nAo final, haver\u00e1 um cortejo comandado pelo bloco afro Il\u00fa Ob\u00e1 De Min, que ir\u00e1 at\u00e9 a Secretaria Geral da Presid\u00eancia, onde haver\u00e1 um jogral contando a hist\u00f3ria e a a\u00e7\u00e3o pol\u00edtica de Marielle.\r\n\r\nAtos semelhantes ser\u00e3o realizados em v\u00e1rias cidades do pa\u00eds.<\/span><\/span><\/span><\/pre>\n<pre><span><span style=\"color: #000000\"><span style=\"font-size: large\"><i>\u00a0<\/i><\/span><\/span><\/span><\/pre>\n","protected":false},"excerpt":{"rendered":"<p>A atividade vai reunir religi\u00f5es de diferentes matrizes e artistas na Paulista nesta ter\u00e7a-feira; mesmo dia em que ser\u00e1 rezada a missa de s\u00e9timo dia da vereadora executada Nesta ter\u00e7a-feira, dia 20 de mar\u00e7o, organiza\u00e7\u00f5es, movimentos sociais e entidades religiosas realizam um ato inter-religioso e cultural em S\u00e3o Paulo para homenagear a vereadora Marielle Franco, executada no dia 14 de [&hellip;]<\/p>\n","protected":false},"author":27,"featured_media":0,"comment_status":"open","ping_status":"closed","sticky":false,"template":"","format":"standard","meta":{"footnotes":""},"categories":[2719],"tags":[1925,3454,21,5369,7933,11767,4726,11762,5298,11753,11763,4623,11764,1042,4165,11766,7047,11768,11765,707,4427],"class_list":["post-8551","post","type-post","status-publish","format-standard","hentry","category-servidor","tag-artistas","tag-atividade","tag-ato","tag-comunidades","tag-cultural","tag-favelas","tag-homenagem","tag-inter-religioso","tag-intervencao","tag-marielle-franco","tag-matrizes","tag-militar","tag-missa","tag-movimentos","tag-organizacoes","tag-perifericas","tag-religiosos","tag-saudacao","tag-setimo-dia","tag-sociais","tag-violencia"],"_links":{"self":[{"href":"https:\/\/blogs.correiobraziliense.com.br\/servidor\/wp-json\/wp\/v2\/posts\/8551","targetHints":{"allow":["GET"]}}],"collection":[{"href":"https:\/\/blogs.correiobraziliense.com.br\/servidor\/wp-json\/wp\/v2\/posts"}],"about":[{"href":"https:\/\/blogs.correiobraziliense.com.br\/servidor\/wp-json\/wp\/v2\/types\/post"}],"author":[{"embeddable":true,"href":"https:\/\/blogs.correiobraziliense.com.br\/servidor\/wp-json\/wp\/v2\/users\/27"}],"replies":[{"embeddable":true,"href":"https:\/\/blogs.correiobraziliense.com.br\/servidor\/wp-json\/wp\/v2\/comments?post=8551"}],"version-history":[{"count":1,"href":"https:\/\/blogs.correiobraziliense.com.br\/servidor\/wp-json\/wp\/v2\/posts\/8551\/revisions"}],"predecessor-version":[{"id":8552,"href":"https:\/\/blogs.correiobraziliense.com.br\/servidor\/wp-json\/wp\/v2\/posts\/8551\/revisions\/8552"}],"wp:attachment":[{"href":"https:\/\/blogs.correiobraziliense.com.br\/servidor\/wp-json\/wp\/v2\/media?parent=8551"}],"wp:term":[{"taxonomy":"category","embeddable":true,"href":"https:\/\/blogs.correiobraziliense.com.br\/servidor\/wp-json\/wp\/v2\/categories?post=8551"},{"taxonomy":"post_tag","embeddable":true,"href":"https:\/\/blogs.correiobraziliense.com.br\/servidor\/wp-json\/wp\/v2\/tags?post=8551"}],"curies":[{"name":"wp","href":"https:\/\/api.w.org\/{rel}","templated":true}]}}