{"id":8547,"date":"2018-03-19T08:28:37","date_gmt":"2018-03-19T11:28:37","guid":{"rendered":"https:\/\/blogs.correiobraziliense.com.br\/servidor\/?p=8547"},"modified":"2018-03-18T20:36:43","modified_gmt":"2018-03-18T23:36:43","slug":"fab-lanca-edital-para-curso-de-formacao-de-oficiais-aviadores-intendentes-e-de-infantaria","status":"publish","type":"post","link":"https:\/\/blogs.correiobraziliense.com.br\/servidor\/fab-lanca-edital-para-curso-de-formacao-de-oficiais-aviadores-intendentes-e-de-infantaria\/","title":{"rendered":"FAB lan\u00e7a edital para Curso de Forma\u00e7\u00e3o de Oficiais Aviadores, Intendentes e de Infantaria"},"content":{"rendered":"<p class=\"description \"><em>As inscri\u00e7\u00f5es come\u00e7am amanh\u00e3 (20) e terminam em 9 de abril. A taxa de inscri\u00e7\u00e3o \u00e9 de R$ 70,00. O candidato n\u00e3o pode ter menos de 17 anos. As vagas s\u00e3o para Bel\u00e9m\/PA,\u00a0 Recife\/PE,Rio de Janeiro\/RJ, S\u00e3o Paulo\/SP, Canoas\/RS, Bras\u00edlia\/DF e Manaus\/AM<\/em><\/p>\n<p>A For\u00e7a A\u00e9rea Brasileira (FAB) lan\u00e7ou, ne quinta-feira (15), as Instru\u00e7\u00f5es Espec\u00edficas com 84 vagas para os Exames de Admiss\u00e3o aos Cursos de Forma\u00e7\u00e3o de Oficiais Aviadores, Intendentes e de Infantaria do ano de 2019 da Academia da For\u00e7a A\u00e9rea (AFA). As inscri\u00e7\u00f5es come\u00e7am amanh\u00e3 (20) e terminam no dia 9 de abril. A taxa \u00e9 de R$ 70,00.<\/p>\n<p>Para participar do Exame de Admiss\u00e3o o candidato deve ser volunt\u00e1rio, podendo ser de ambos os sexos (para os Cursos de Forma\u00e7\u00e3o de Oficiais Aviadores e Intendentes), ou do sexo masculino (para o Curso de Forma\u00e7\u00e3o de Oficiais de Infantaria da Aeron\u00e1utica), e estar ciente de todas as condi\u00e7\u00f5es previstas nas Instru\u00e7\u00f5es Espec\u00edficas do Exame. Para ser habilitado \u00e0 matr\u00edcula no curso, o candidato n\u00e3o pode ter menos de 17 anos e nem completar 23 at\u00e9 31 de dezembro de 2019, al\u00e9m de j\u00e1 ter conclu\u00eddo o Ensino M\u00e9dio na data da Concentra\u00e7\u00e3o Final do certame, entre outras exig\u00eancias.<\/p>\n<p>O processo seletivo \u00e9 composto de Provas Escritas (l\u00edngua portuguesa, l\u00edngua inglesa, matem\u00e1tica, f\u00edsica e reda\u00e7\u00e3o), Inspe\u00e7\u00e3o de Sa\u00fade, Exame de Aptid\u00e3o Psicol\u00f3gica, Teste de Avalia\u00e7\u00e3o do Condicionamento F\u00edsico, Teste de Aptid\u00e3o \u00e0 Pilotagem Militar (somente para os candidatos ao Curso de Forma\u00e7\u00e3o de Oficiais Aviadores) e Valida\u00e7\u00e3o Documental.<\/p>\n<p>As provas escritas ser\u00e3o aplicadas no dia 24 de junho. Os aprovados em todas as etapas do processo seletivo e selecionados pela Junta Especial de Avalia\u00e7\u00e3o (JEA) dever\u00e3o se apresentar na AFA, em Pirassununga (SP), no dia 10 de janeiro de 2019, para matr\u00edcula no curso que tem dura\u00e7\u00e3o de 4 anos.<\/p>\n<p>Ap\u00f3s a conclus\u00e3o do curso com aproveitamento, o cadete ser\u00e1 nomeado Aspirante a Oficial da FAB. Para mais informa\u00e7\u00f5es, consulte <a href=\"http:\/\/www.fab.mil.br\/exameadmissao\" target=\"_blank\">aqui<\/a> as Instru\u00e7\u00f5es Espec\u00edficas.<\/p>\n<p><b>Confira as vagas: <\/b><\/p>\n<p>Oficiais Aviadores: 20<\/p>\n<p>Oficiais Intendentes: 43<\/p>\n<p>Oficiais de Infantaria: 21<\/p>\n<p><b>Total: 84<\/b><\/p>\n","protected":false},"excerpt":{"rendered":"<p>As inscri\u00e7\u00f5es come\u00e7am amanh\u00e3 (20) e terminam em 9 de abril. A taxa de inscri\u00e7\u00e3o \u00e9 de R$ 70,00. O candidato n\u00e3o pode ter menos de 17 anos. As vagas s\u00e3o para Bel\u00e9m\/PA,\u00a0 Recife\/PE,Rio de Janeiro\/RJ, S\u00e3o Paulo\/SP, Canoas\/RS, Bras\u00edlia\/DF e Manaus\/AM A For\u00e7a A\u00e9rea Brasileira (FAB) lan\u00e7ou, ne quinta-feira (15), as Instru\u00e7\u00f5es Espec\u00edficas com 84 vagas para os Exames [&hellip;]<\/p>\n","protected":false},"author":27,"featured_media":0,"comment_status":"open","ping_status":"closed","sticky":false,"template":"","format":"standard","meta":{"footnotes":""},"categories":[2719],"tags":[5851,11759,234,2762,11757,11761,2695,1383,1076,92,3442,3103,11760,4443,1660,781,11758,6205,10350,2439,728,3678,4007],"class_list":["post-8547","post","type-post","status-publish","format-standard","hentry","category-servidor","tag-admissao","tag-afa","tag-aprovados","tag-aproveitamento","tag-aviadores","tag-cadete","tag-candidato","tag-condicoes","tag-curso","tag-edital","tag-exames","tag-fab","tag-feminino","tag-formacao","tag-infantaria","tag-inscricoes","tag-intendentes","tag-masculino","tag-matricula","tag-oficiais","tag-provas","tag-selecionados","tag-taxa"],"_links":{"self":[{"href":"https:\/\/blogs.correiobraziliense.com.br\/servidor\/wp-json\/wp\/v2\/posts\/8547","targetHints":{"allow":["GET"]}}],"collection":[{"href":"https:\/\/blogs.correiobraziliense.com.br\/servidor\/wp-json\/wp\/v2\/posts"}],"about":[{"href":"https:\/\/blogs.correiobraziliense.com.br\/servidor\/wp-json\/wp\/v2\/types\/post"}],"author":[{"embeddable":true,"href":"https:\/\/blogs.correiobraziliense.com.br\/servidor\/wp-json\/wp\/v2\/users\/27"}],"replies":[{"embeddable":true,"href":"https:\/\/blogs.correiobraziliense.com.br\/servidor\/wp-json\/wp\/v2\/comments?post=8547"}],"version-history":[{"count":1,"href":"https:\/\/blogs.correiobraziliense.com.br\/servidor\/wp-json\/wp\/v2\/posts\/8547\/revisions"}],"predecessor-version":[{"id":8548,"href":"https:\/\/blogs.correiobraziliense.com.br\/servidor\/wp-json\/wp\/v2\/posts\/8547\/revisions\/8548"}],"wp:attachment":[{"href":"https:\/\/blogs.correiobraziliense.com.br\/servidor\/wp-json\/wp\/v2\/media?parent=8547"}],"wp:term":[{"taxonomy":"category","embeddable":true,"href":"https:\/\/blogs.correiobraziliense.com.br\/servidor\/wp-json\/wp\/v2\/categories?post=8547"},{"taxonomy":"post_tag","embeddable":true,"href":"https:\/\/blogs.correiobraziliense.com.br\/servidor\/wp-json\/wp\/v2\/tags?post=8547"}],"curies":[{"name":"wp","href":"https:\/\/api.w.org\/{rel}","templated":true}]}}