{"id":8543,"date":"2018-03-17T20:11:01","date_gmt":"2018-03-17T23:11:01","guid":{"rendered":"https:\/\/blogs.correiobraziliense.com.br\/servidor\/?p=8543"},"modified":"2018-03-17T20:11:01","modified_gmt":"2018-03-17T23:11:01","slug":"clima-esquenta-mais-uma-vez-na-receita-federal","status":"publish","type":"post","link":"https:\/\/blogs.correiobraziliense.com.br\/servidor\/clima-esquenta-mais-uma-vez-na-receita-federal\/","title":{"rendered":"Clima esquenta mais uma vez na Receita Federal"},"content":{"rendered":"<p><em>O secret\u00e1rio da Receita Federal, Jorge Rachid, antes aplaudido pelos colegas, acaba de ser suspenso, por seis meses, na qualidade de associado do Sindicato Nacional dos Auditores-Fiscais da Receita Federal (Sindifisco), que sempre o apoiou. Perder\u00e1 o direito de ser juridicamente defendido pela entidade, acusado de atuar nos bastidores do governo contra a classe<\/em><\/p>\n<p>Segundo informa\u00e7\u00f5es, o processo contra Rachid \u00e9 antigo. Vem de janeiro 2016, quando foi formada uma comiss\u00e3o com tr\u00eas membros e proposta a suspens\u00e3o por seis meses. O neg\u00f3cio ficou enrolado porque havia esperan\u00e7a de que o secret\u00e1rio fosse mais ativo na defesa do b\u00f4nus de efici\u00eancia &#8211; um extra de R$ 3 mil nos contracheques al\u00e9m do sal\u00e1rio &#8211; que entrou na campanha salarial de 2015, mas at\u00e9 agora n\u00e3o foi regulamentado.<\/p>\n<p>Ontem (16), o Conselho de Delegacias Sindicais de Fortaleza (CDS), que se re\u00fane quatro vezes por ano, decidiu pela suspens\u00e3o do gestor. Esta puni\u00e7\u00e3o est\u00e1 prevista no estatuto do sindicato. &#8220;Foi por conta de persegui\u00e7\u00f5es de colegas que estavam no movimento&#8221;, explicou uma fonte da Fazenda. Segundo ele, o assunto j\u00e1 estava na pauta. Tamb\u00e9m foram &#8220;afastados outros colegas e algumas equipes&#8221;. Os associados do Sindifisco pagam cerca de R$ 190 mensais, de forma volunt\u00e1ria.<\/p>\n<p>O benef\u00edcio, que j\u00e1 foi apelidado de &#8220;b\u00f4nus da disc\u00f3rdia&#8221; causou pol\u00eamica desde a sua cria\u00e7\u00e3o. Dividiu ativos e aposentados, pessoal de in\u00edcio e de fim de carreira e at\u00e9 autoridades com cargos de destaque no \u00f3rg\u00e3o. Esperava-se, segundo fontes, que a benesse fosse &#8220;vari\u00e1vel, podendo ultrapassar os R$ 10 mil mensais&#8221;. O que n\u00e3o aconteceu. O projeto emperrou no Planejamento, que se recusou, de acordo com as informa\u00e7\u00f5es, dar mais de R$ 4,5 mil, nesse ano de 2018. Bem menos que os R$ 8 mil que receberam os advogados federais de honor\u00e1rios, em dezembro de 2017.<\/p>\n<p>Como os planos de b\u00f4nus ilimitado goraram, a categoria se virou contra Rachid. Em passado recente, j\u00e1 houve inten\u00e7\u00f5es, &#8220;n\u00e3o reveladas publicamente&#8221;, de substitu\u00ed-lo. Mas ele resiste. N\u00e3o se sabe at\u00e9 quando.<\/p>\n<p>Procurados, at\u00e9 este momento, nem a Receita Federal nem o Sindifisco deram retorno.<\/p>\n<p>&nbsp;<\/p>\n","protected":false},"excerpt":{"rendered":"<p>O secret\u00e1rio da Receita Federal, Jorge Rachid, antes aplaudido pelos colegas, acaba de ser suspenso, por seis meses, na qualidade de associado do Sindicato Nacional dos Auditores-Fiscais da Receita Federal (Sindifisco), que sempre o apoiou. Perder\u00e1 o direito de ser juridicamente defendido pela entidade, acusado de atuar nos bastidores do governo contra a classe Segundo informa\u00e7\u00f5es, o processo contra Rachid [&hellip;]<\/p>\n","protected":false},"author":27,"featured_media":0,"comment_status":"open","ping_status":"closed","sticky":false,"template":"","format":"standard","meta":{"footnotes":""},"categories":[2719],"tags":[1978,345,6942,865,3251,1468,305,11750,1005,1283,2314,11748,1150,2424,11749,4151,2844,377,11751,3,11752,1141,294,11459,643,807,597,2423,1747,3421],"class_list":["post-8543","post","type-post","status-publish","format-standard","hentry","category-servidor","tag-acusado","tag-aposentados","tag-associado","tag-ativos","tag-bastidores","tag-bonus-de-eficiencia","tag-campanha","tag-cds","tag-classe","tag-clima","tag-colegas","tag-colegs","tag-comissao","tag-contracheques","tag-defendido","tag-discordia","tag-esquenta","tag-estatuto","tag-perseguicoes","tag-planejamento","tag-polemcia","tag-punicao","tag-receita-federal","tag-regulamentado","tag-salario","tag-secretario","tag-sindifisco","tag-suspensao","tag-suspenso","tag-variavel"],"_links":{"self":[{"href":"https:\/\/blogs.correiobraziliense.com.br\/servidor\/wp-json\/wp\/v2\/posts\/8543","targetHints":{"allow":["GET"]}}],"collection":[{"href":"https:\/\/blogs.correiobraziliense.com.br\/servidor\/wp-json\/wp\/v2\/posts"}],"about":[{"href":"https:\/\/blogs.correiobraziliense.com.br\/servidor\/wp-json\/wp\/v2\/types\/post"}],"author":[{"embeddable":true,"href":"https:\/\/blogs.correiobraziliense.com.br\/servidor\/wp-json\/wp\/v2\/users\/27"}],"replies":[{"embeddable":true,"href":"https:\/\/blogs.correiobraziliense.com.br\/servidor\/wp-json\/wp\/v2\/comments?post=8543"}],"version-history":[{"count":1,"href":"https:\/\/blogs.correiobraziliense.com.br\/servidor\/wp-json\/wp\/v2\/posts\/8543\/revisions"}],"predecessor-version":[{"id":8544,"href":"https:\/\/blogs.correiobraziliense.com.br\/servidor\/wp-json\/wp\/v2\/posts\/8543\/revisions\/8544"}],"wp:attachment":[{"href":"https:\/\/blogs.correiobraziliense.com.br\/servidor\/wp-json\/wp\/v2\/media?parent=8543"}],"wp:term":[{"taxonomy":"category","embeddable":true,"href":"https:\/\/blogs.correiobraziliense.com.br\/servidor\/wp-json\/wp\/v2\/categories?post=8543"},{"taxonomy":"post_tag","embeddable":true,"href":"https:\/\/blogs.correiobraziliense.com.br\/servidor\/wp-json\/wp\/v2\/tags?post=8543"}],"curies":[{"name":"wp","href":"https:\/\/api.w.org\/{rel}","templated":true}]}}