{"id":8537,"date":"2018-03-16T15:03:50","date_gmt":"2018-03-16T18:03:50","guid":{"rendered":"https:\/\/blogs.correiobraziliense.com.br\/servidor\/?p=8537"},"modified":"2018-03-16T15:03:50","modified_gmt":"2018-03-16T18:03:50","slug":"oficiais-de-justica-do-df-em-ato-contra-corte-de-ponto","status":"publish","type":"post","link":"https:\/\/blogs.correiobraziliense.com.br\/servidor\/oficiais-de-justica-do-df-em-ato-contra-corte-de-ponto\/","title":{"rendered":"Oficiais de Justi\u00e7a do DF em ato por melhores condi\u00e7\u00f5es de trabalho e contra corte de ponto"},"content":{"rendered":"<p><em>Neste momento 9desde \u00e0s 14h), um grupo de trabalhadores filiados ao Sindicato dos Oficiais de Justi\u00e7a do Distrito Federal (Sindojus-DF), com bandeiras, apitos e vuvuzelas fazem uma manifesta\u00e7\u00e3o em frente ao Tribunal de Justi\u00e7a do Distrito Federal e Territ\u00f3rios (TJDFT) contra o corte de ponto da categoria, autorizado pelo presidente do tribunal<\/em><\/p>\n<p>Os oficiais de Justi\u00e7a do TJDFT est\u00e3o em greve desde o dia 1\u00ba de mar\u00e7o. A categoria entende que o presidente tenta calar os trabalhadores na luta pelos seus direitos. \u201cConclamamos todos os colegas Oficiais de Justi\u00e7a, grevistas e n\u00e3o grevistas\u201d, enfatiza o presidente do Sindojus, Gerardo Alves Lima Filho.<\/p>\n<p>A paralisa\u00e7\u00e3o, entre outros pontos, tem como objetivo a luta por melhores condi\u00e7\u00f5es e trabalho e o combater \u00e0s dificuldades que as oficialas de Justi\u00e7a passam para cumprir os mandados, sem que o Tribunal ofere\u00e7a qualquer seguran\u00e7a, destaca o Sindojus-DF.<\/p>\n<p>\u201cAs Oficialas de Justi\u00e7a s\u00e3o v\u00edtimas de crimes com muita frequ\u00eancia. J\u00e1 tivemos, h\u00e1 doze anos atr\u00e1s, at\u00e9 o homic\u00eddio de uma Oficiala de Justi\u00e7a no cumprimento de mandados e o Tribunal nada fez. Mesmo quando est\u00e3o gestantes, as Oficialas continuam cumprindo mandados com risco\u201d, lembrou o presidente do sindicato, em manifesta\u00e7\u00e3o no Dia Internacional da Mulher.<\/p>\n","protected":false},"excerpt":{"rendered":"<p>Neste momento 9desde \u00e0s 14h), um grupo de trabalhadores filiados ao Sindicato dos Oficiais de Justi\u00e7a do Distrito Federal (Sindojus-DF), com bandeiras, apitos e vuvuzelas fazem uma manifesta\u00e7\u00e3o em frente ao Tribunal de Justi\u00e7a do Distrito Federal e Territ\u00f3rios (TJDFT) contra o corte de ponto da categoria, autorizado pelo presidente do tribunal Os oficiais de Justi\u00e7a do TJDFT est\u00e3o em [&hellip;]<\/p>\n","protected":false},"author":27,"featured_media":0,"comment_status":"open","ping_status":"closed","sticky":false,"template":"","format":"standard","meta":{"footnotes":""},"categories":[2719],"tags":[258,1642,68,7435,7389,15,8560,10293,1151,7154,3279,1212,208,11740,1310,261],"class_list":["post-8537","post","type-post","status-publish","format-standard","hentry","category-servidor","tag-corte","tag-crimes","tag-df","tag-dificuldades","tag-gestantes","tag-greve","tag-homicidio","tag-mandatos","tag-manifestacao","tag-oficiais-de-justica","tag-ponto","tag-risco","tag-seguranca","tag-sindojus-df","tag-tjdft","tag-trabalho"],"_links":{"self":[{"href":"https:\/\/blogs.correiobraziliense.com.br\/servidor\/wp-json\/wp\/v2\/posts\/8537","targetHints":{"allow":["GET"]}}],"collection":[{"href":"https:\/\/blogs.correiobraziliense.com.br\/servidor\/wp-json\/wp\/v2\/posts"}],"about":[{"href":"https:\/\/blogs.correiobraziliense.com.br\/servidor\/wp-json\/wp\/v2\/types\/post"}],"author":[{"embeddable":true,"href":"https:\/\/blogs.correiobraziliense.com.br\/servidor\/wp-json\/wp\/v2\/users\/27"}],"replies":[{"embeddable":true,"href":"https:\/\/blogs.correiobraziliense.com.br\/servidor\/wp-json\/wp\/v2\/comments?post=8537"}],"version-history":[{"count":1,"href":"https:\/\/blogs.correiobraziliense.com.br\/servidor\/wp-json\/wp\/v2\/posts\/8537\/revisions"}],"predecessor-version":[{"id":8538,"href":"https:\/\/blogs.correiobraziliense.com.br\/servidor\/wp-json\/wp\/v2\/posts\/8537\/revisions\/8538"}],"wp:attachment":[{"href":"https:\/\/blogs.correiobraziliense.com.br\/servidor\/wp-json\/wp\/v2\/media?parent=8537"}],"wp:term":[{"taxonomy":"category","embeddable":true,"href":"https:\/\/blogs.correiobraziliense.com.br\/servidor\/wp-json\/wp\/v2\/categories?post=8537"},{"taxonomy":"post_tag","embeddable":true,"href":"https:\/\/blogs.correiobraziliense.com.br\/servidor\/wp-json\/wp\/v2\/tags?post=8537"}],"curies":[{"name":"wp","href":"https:\/\/api.w.org\/{rel}","templated":true}]}}