{"id":8529,"date":"2018-03-15T18:21:22","date_gmt":"2018-03-15T21:21:22","guid":{"rendered":"https:\/\/blogs.correiobraziliense.com.br\/servidor\/?p=8529"},"modified":"2018-03-15T18:21:22","modified_gmt":"2018-03-15T21:21:22","slug":"desde-que-aprovada-em-assembleia-recolhimento-de-contribuicao-sindical-e-legal","status":"publish","type":"post","link":"https:\/\/blogs.correiobraziliense.com.br\/servidor\/desde-que-aprovada-em-assembleia-recolhimento-de-contribuicao-sindical-e-legal\/","title":{"rendered":"Desde que aprovada em assembleia, recolhimento de contribui\u00e7\u00e3o sindical \u00e9 legal"},"content":{"rendered":"<p><em>O Minist\u00e9rio P\u00fablico do Trabalho considerou legal o recolhimento de contribui\u00e7\u00e3o sindical feita pelo pelo Sindicato dos Engenheiros no Estado do Par\u00e1 aos seus membros, para 2018. Na decis\u00e3o, pesou o fato de o tema ter sido tratado e aprovado em assembleia geral da categoria no final de 2017<\/em><\/p>\n<p>A entidade entrou com o pedido de instaura\u00e7\u00e3o de inqu\u00e9rito, levando em considera\u00e7\u00e3o as mudan\u00e7as trazidas pela Reforma Trabalhista, que tornava facultativa a contribui\u00e7\u00e3o sindical.<\/p>\n<p>Para o\u00a0advogado trabalhista Rodrigo Torelly, s\u00f3cio do escrit\u00f3rio Roberto Caldas, Mauro Menezes &amp; Advogados,\u00a0&#8220;nesse caso espec\u00edfico, o Minist\u00e9rio P\u00fablico do Trabalho entendeu inexistir ilegalidade no fato de a assembleia geral de sindicato instituir contribui\u00e7\u00e3o para toda a categoria. Para tanto, fundou sua decis\u00e3o na Constitui\u00e7\u00e3o (8\u00ba, II), na CLT (513, &#8220;e&#8221;) e no Verbete 434, da OIT, bem como em enunciado da Jornada de Direito do Trabalho da Associa\u00e7\u00e3o Nacional dos Magistrados da Justi\u00e7a do Trabalho (Anamatra), que entendeu l\u00edcita a institui\u00e7\u00e3o desse tipo de contribui\u00e7\u00e3o mediante assembleia geral.&#8221;<\/p>\n<p>Em sua decis\u00e3o de indeferimento, a procuradora do trabalho, Carla Afonso de N\u00f3voa Melo, ressaltou que a assembleia geral, devidamente convocada, na qualidade de inst\u00e2ncia m\u00e1xima de cidadania sindical, constitui-se como o meio mais apropriado de delibera\u00e7\u00e3o sobre mecanismos de custeio das atividades sindicais no \u00e2mbito da categoria.<\/p>\n","protected":false},"excerpt":{"rendered":"<p>O Minist\u00e9rio P\u00fablico do Trabalho considerou legal o recolhimento de contribui\u00e7\u00e3o sindical feita pelo pelo Sindicato dos Engenheiros no Estado do Par\u00e1 aos seus membros, para 2018. Na decis\u00e3o, pesou o fato de o tema ter sido tratado e aprovado em assembleia geral da categoria no final de 2017 A entidade entrou com o pedido de instaura\u00e7\u00e3o de inqu\u00e9rito, levando [&hellip;]<\/p>\n","protected":false},"author":27,"featured_media":0,"comment_status":"open","ping_status":"closed","sticky":false,"template":"","format":"standard","meta":{"footnotes":""},"categories":[2719],"tags":[1408,1176,518,379,2584,131,469,10653,376,139,9253,4319],"class_list":["post-8529","post","type-post","status-publish","format-standard","hentry","category-servidor","tag-anamatra","tag-aprovada","tag-assembleia","tag-categoria","tag-constituicao","tag-contribuicao","tag-legal","tag-ministerio-publico-do-trabalho","tag-mudancas","tag-recolhimento","tag-reforma-trabalhista","tag-sindical"],"_links":{"self":[{"href":"https:\/\/blogs.correiobraziliense.com.br\/servidor\/wp-json\/wp\/v2\/posts\/8529","targetHints":{"allow":["GET"]}}],"collection":[{"href":"https:\/\/blogs.correiobraziliense.com.br\/servidor\/wp-json\/wp\/v2\/posts"}],"about":[{"href":"https:\/\/blogs.correiobraziliense.com.br\/servidor\/wp-json\/wp\/v2\/types\/post"}],"author":[{"embeddable":true,"href":"https:\/\/blogs.correiobraziliense.com.br\/servidor\/wp-json\/wp\/v2\/users\/27"}],"replies":[{"embeddable":true,"href":"https:\/\/blogs.correiobraziliense.com.br\/servidor\/wp-json\/wp\/v2\/comments?post=8529"}],"version-history":[{"count":1,"href":"https:\/\/blogs.correiobraziliense.com.br\/servidor\/wp-json\/wp\/v2\/posts\/8529\/revisions"}],"predecessor-version":[{"id":8530,"href":"https:\/\/blogs.correiobraziliense.com.br\/servidor\/wp-json\/wp\/v2\/posts\/8529\/revisions\/8530"}],"wp:attachment":[{"href":"https:\/\/blogs.correiobraziliense.com.br\/servidor\/wp-json\/wp\/v2\/media?parent=8529"}],"wp:term":[{"taxonomy":"category","embeddable":true,"href":"https:\/\/blogs.correiobraziliense.com.br\/servidor\/wp-json\/wp\/v2\/categories?post=8529"},{"taxonomy":"post_tag","embeddable":true,"href":"https:\/\/blogs.correiobraziliense.com.br\/servidor\/wp-json\/wp\/v2\/tags?post=8529"}],"curies":[{"name":"wp","href":"https:\/\/api.w.org\/{rel}","templated":true}]}}