{"id":8517,"date":"2018-03-14T14:37:56","date_gmt":"2018-03-14T17:37:56","guid":{"rendered":"https:\/\/blogs.correiobraziliense.com.br\/servidor\/?p=8517"},"modified":"2018-03-14T14:37:56","modified_gmt":"2018-03-14T17:37:56","slug":"receita-federal-e-exercito-firmam-parceria-envolvendo-o-oea-integrado","status":"publish","type":"post","link":"https:\/\/blogs.correiobraziliense.com.br\/servidor\/receita-federal-e-exercito-firmam-parceria-envolvendo-o-oea-integrado\/","title":{"rendered":"Receita Federal e Ex\u00e9rcito firmam parceria envolvendo o OEA Integrado"},"content":{"rendered":"<p><em>O objetivo \u00e9 facilitar a importa\u00e7\u00e3o de produtos controlados pelo Ex\u00e9rcito Brasileiro<\/em><\/p>\n<p>O secret\u00e1rio da Receita Federal, auditor-fiscal Jorge Rachid, e o comandante log\u00edstico do Ex\u00e9rcito Brasileiro, Guilherme Cals Theophilo Gaspar de Oliveira, assinaram hoje Portaria Conjunta firmando parceria para trabalharem na facilita\u00e7\u00e3o da importa\u00e7\u00e3o de produtos controlados pelo Ex\u00e9rcito, como armas, muni\u00e7\u00f5es e produtos qu\u00edmicos. O evento foi no Quartel General do Ex\u00e9rcito, no Setor Militar Urbano em Bras\u00edlia.<\/p>\n<p>O modelo do Operador Econ\u00f4mico Autorizado (OEA)-Integrado foi iniciado com o Minist\u00e9rio da Agricultura, Pecu\u00e1ria e Abastecimento e, agora, entra na fase de amplia\u00e7\u00e3o das tratativas com outros \u00f3rg\u00e3os de Estado que controlam o com\u00e9rcio exterior para estender os benef\u00edcios oferecidos para as empresas certificadas como OEA. Os OEA s\u00e3o empresas reconhecidas pela Aduana<br \/>\nBrasileira e consideradas de baixo risco em termos de seguran\u00e7a f\u00edsica da carga e de cumprimento das obriga\u00e7\u00f5es.<\/p>\n<p>O OEA-Integrado RFB e Ex\u00e9rcito Brasileiro \u00e9 mais uma iniciativa para facilitar, com seguran\u00e7a e controle, os procedimentos de importa\u00e7\u00e3o no pa\u00eds, reduzir os custos operacionais das empresas e otimizar a gest\u00e3o de recursos humanos para os \u00f3rg\u00e3os p\u00fablicos. A Portaria Conjunta RFB\/Ex\u00e9rcito XX, de 2018, autoriza formalmente o in\u00edcio dos trabalhos entre esses dois \u00f3rg\u00e3os.<\/p>\n<p>Em geral, na importa\u00e7\u00e3o, o Ex\u00e9rcito Brasileiro precisa anuir individualmente cada autoriza\u00e7\u00e3o dos produtos por ele controlados. Em negocia\u00e7\u00e3o pr\u00e9via, o que se vislumbrou \u00e9 a possibilidade de o Ex\u00e9rcito passar a fazer parte do Programa OEA da Receita Federal e estabelecer, no \u00e2mbito de sua compet\u00eancia, requisitos e crit\u00e9rios de seguran\u00e7a e conformidade para fazer as autoriza\u00e7\u00f5es em bloco, isto \u00e9, para uma determinada quantidade.<\/p>\n","protected":false},"excerpt":{"rendered":"<p>O objetivo \u00e9 facilitar a importa\u00e7\u00e3o de produtos controlados pelo Ex\u00e9rcito Brasileiro O secret\u00e1rio da Receita Federal, auditor-fiscal Jorge Rachid, e o comandante log\u00edstico do Ex\u00e9rcito Brasileiro, Guilherme Cals Theophilo Gaspar de Oliveira, assinaram hoje Portaria Conjunta firmando parceria para trabalharem na facilita\u00e7\u00e3o da importa\u00e7\u00e3o de produtos controlados pelo Ex\u00e9rcito, como armas, muni\u00e7\u00f5es e produtos qu\u00edmicos. O evento foi no [&hellip;]<\/p>\n","protected":false},"author":27,"featured_media":0,"comment_status":"open","ping_status":"closed","sticky":false,"template":"","format":"standard","meta":{"footnotes":""},"categories":[2719],"tags":[6849,4901,11713,207,1568,390,10174,580,3623,27,5212,407,11712,4433,927,221,294,1212,208],"class_list":["post-8517","post","type-post","status-publish","format-standard","hentry","category-servidor","tag-aduana","tag-comercio","tag-controlados","tag-controle","tag-custos","tag-empresas","tag-exercito-brasileiro","tag-exterior","tag-facilitar","tag-fisica","tag-importacao","tag-obrigacoes","tag-oea-integrado","tag-operacionais","tag-procedimentos","tag-produtos","tag-receita-federal","tag-risco","tag-seguranca"],"_links":{"self":[{"href":"https:\/\/blogs.correiobraziliense.com.br\/servidor\/wp-json\/wp\/v2\/posts\/8517","targetHints":{"allow":["GET"]}}],"collection":[{"href":"https:\/\/blogs.correiobraziliense.com.br\/servidor\/wp-json\/wp\/v2\/posts"}],"about":[{"href":"https:\/\/blogs.correiobraziliense.com.br\/servidor\/wp-json\/wp\/v2\/types\/post"}],"author":[{"embeddable":true,"href":"https:\/\/blogs.correiobraziliense.com.br\/servidor\/wp-json\/wp\/v2\/users\/27"}],"replies":[{"embeddable":true,"href":"https:\/\/blogs.correiobraziliense.com.br\/servidor\/wp-json\/wp\/v2\/comments?post=8517"}],"version-history":[{"count":1,"href":"https:\/\/blogs.correiobraziliense.com.br\/servidor\/wp-json\/wp\/v2\/posts\/8517\/revisions"}],"predecessor-version":[{"id":8518,"href":"https:\/\/blogs.correiobraziliense.com.br\/servidor\/wp-json\/wp\/v2\/posts\/8517\/revisions\/8518"}],"wp:attachment":[{"href":"https:\/\/blogs.correiobraziliense.com.br\/servidor\/wp-json\/wp\/v2\/media?parent=8517"}],"wp:term":[{"taxonomy":"category","embeddable":true,"href":"https:\/\/blogs.correiobraziliense.com.br\/servidor\/wp-json\/wp\/v2\/categories?post=8517"},{"taxonomy":"post_tag","embeddable":true,"href":"https:\/\/blogs.correiobraziliense.com.br\/servidor\/wp-json\/wp\/v2\/tags?post=8517"}],"curies":[{"name":"wp","href":"https:\/\/api.w.org\/{rel}","templated":true}]}}